{"id":39455,"date":"2022-08-24T10:03:50","date_gmt":"2022-08-24T13:03:50","guid":{"rendered":"https:\/\/infovera.com.ar\/web\/?p=39455"},"modified":"2022-08-24T19:29:10","modified_gmt":"2022-08-24T22:29:10","slug":"renovado-reclamo-por-la-reconversion-en-autovia-de-la-ruta-11","status":"publish","type":"post","link":"https:\/\/infovera.com.ar\/web\/2022\/08\/24\/renovado-reclamo-por-la-reconversion-en-autovia-de-la-ruta-11\/","title":{"rendered":"Renovado reclamo por la reconversi\u00f3n en autov\u00eda de la Ruta 11"},"content":{"rendered":"<p><strong>&#8220;La Ruta Nacional 11, creada hace m\u00e1s de 70 a\u00f1os, est\u00e1 en emergencia debido a su mal estado y anacron\u00eda estructural&#8221;, afirmaron desde Sumemos Esfuerzos.<\/strong><\/p>\n<p>Desde el partido vecinal verense, sus ediles Javier Barbona y Eliana Tedini expresaron: &#8220;Como concejales estamos participando y acompa\u00f1ando las diferentes reuniones y gestiones que se vienen realizando del reclamo de manera formal. Tambi\u00e9n estamos poniendo el cuerpo militando por una causa que consideramos justa y necesaria. Todos los d\u00edas leemos en las noticias que la Ruta 11 es protagonista de alg\u00fan siniestro vial&#8221;.<\/p>\n<p>Asimismo, citaron que &#8220;las estad\u00edsticas nos hablan de muchas vidas que se pierden en esos accidentes. La Ruta Nacional 11 no s\u00f3lo es una importante v\u00eda de comunicaci\u00f3n, sino adem\u00e1s, para los pueblos y ciudades que dependemos de su trazado, es una v\u00eda sanitaria y productiva que nos conecta con el resto del pa\u00eds y el Mercosur&#8221;.<\/p>\n<p>Desde hace un tiempo a esta parte su estructura se viene deteriorando por la gran circulaci\u00f3n de veh\u00edculos de diferente porte, consignaron, y agregaron que &#8220;por esa raz\u00f3n es que tambi\u00e9n se solicita que se pueda transformar en una autov\u00eda o autopista que responda a las necesidades actuales. Por esa raz\u00f3n seguiremos participando, a traves de nuestros concejales, de los diferentes espacios que convoquen para reclamar a las autoridades nacionales sobre este tema y tambi\u00e9n seguiremos militando ese reclamo. Bienvenid@s tod@s l@s que quieran sumarse&#8221;.<\/p>\n","protected":false},"excerpt":{"rendered":"<p>&#8220;La Ruta Nacional 11, creada hace m\u00e1s de 70 a\u00f1os, est\u00e1 en emergencia debido a su mal estado y anacron\u00eda estructural&#8221;, afirmaron desde Sumemos Esfuerzos. Desde el partido vecinal verense, sus ediles Javier Barbona y Eliana Tedini expresaron: &#8220;Como concejales estamos participando y acompa\u00f1ando las diferentes reuniones y gestiones que se vienen realizando del reclamo [&hellip;]<\/p>\n","protected":false},"author":3,"featured_media":39456,"comment_status":"closed","ping_status":"closed","sticky":false,"template":"","format":"standard","meta":{"_joinchat":[],"footnotes":""},"categories":[53],"tags":[],"class_list":{"0":"post-39455","1":"post","2":"type-post","3":"status-publish","4":"format-standard","5":"has-post-thumbnail","7":"category-vera"},"_links":{"self":[{"href":"https:\/\/infovera.com.ar\/web\/wp-json\/wp\/v2\/posts\/39455","targetHints":{"allow":["GET"]}}],"collection":[{"href":"https:\/\/infovera.com.ar\/web\/wp-json\/wp\/v2\/posts"}],"about":[{"href":"https:\/\/infovera.com.ar\/web\/wp-json\/wp\/v2\/types\/post"}],"author":[{"embeddable":true,"href":"https:\/\/infovera.com.ar\/web\/wp-json\/wp\/v2\/users\/3"}],"replies":[{"embeddable":true,"href":"https:\/\/infovera.com.ar\/web\/wp-json\/wp\/v2\/comments?post=39455"}],"version-history":[{"count":0,"href":"https:\/\/infovera.com.ar\/web\/wp-json\/wp\/v2\/posts\/39455\/revisions"}],"wp:featuredmedia":[{"embeddable":true,"href":"https:\/\/infovera.com.ar\/web\/wp-json\/wp\/v2\/media\/39456"}],"wp:attachment":[{"href":"https:\/\/infovera.com.ar\/web\/wp-json\/wp\/v2\/media?parent=39455"}],"wp:term":[{"taxonomy":"category","embeddable":true,"href":"https:\/\/infovera.com.ar\/web\/wp-json\/wp\/v2\/categories?post=39455"},{"taxonomy":"post_tag","embeddable":true,"href":"https:\/\/infovera.com.ar\/web\/wp-json\/wp\/v2\/tags?post=39455"}],"curies":[{"name":"wp","href":"https:\/\/api.w.org\/{rel}","templated":true}]}}