{"id":39423,"date":"2022-08-23T11:00:44","date_gmt":"2022-08-23T14:00:44","guid":{"rendered":"https:\/\/infovera.com.ar\/web\/?p=39423"},"modified":"2022-08-24T11:26:01","modified_gmt":"2022-08-24T14:26:01","slug":"incendios-mas-de-70-brigadistas-trabajan-en-el-delta-del-parana","status":"publish","type":"post","link":"https:\/\/infovera.com.ar\/web\/2022\/08\/23\/incendios-mas-de-70-brigadistas-trabajan-en-el-delta-del-parana\/","title":{"rendered":"Incendios: m\u00e1s de 70 brigadistas y un grupo especial de Los Pumas trabajan en el Delta del Paran\u00e1"},"content":{"rendered":"<p><strong>Parten desde el Comando Operativo Unificado, en la localidad de Alvear, y cuentan con aviones hidrantes y helic\u00f3pteros con helibalde, a requerimiento de cada situaci\u00f3n.<\/strong><\/p>\n<p>Este martes comenz\u00f3 una nueva jornada de combate de incendios en el Delta del r\u00edo Paran\u00e1, en un trabajo articulado entre las provincias de Santa Fe y Entre R\u00edos y el gobierno nacional. \u201cHoy estamos trabajando con m\u00e1s de 70 brigadistas en terreno, coordinados por el Sistema Nacional de Manejo del Fuego\u201d, explic\u00f3 la ministra de Ambiente y Cambio Clim\u00e1tico, \u00c9rika Gonnet.<\/p>\n<p>Cabe destacar que la totalidad de los brigadistas se encuentran trabajando en sobre territorio de la provincia de Entre R\u00edos, en dos zonas de focos \u00edgneos, en tanto que, al comienzo de esta jornada, el sector en cercan\u00edas a la traza Rosario-Victoria se encuentra controlado luego del trabajo realizado en los \u00faltimos d\u00edas por los brigadistas y medios a\u00e9reos.<\/p>\n<p>\u201cDesde el gobierno de Santa Fe continuamos trabajando de manera articulada con las distintas \u00e1reas del gobierno nacional para el combate del fuego y en las tareas de monitoreo y prevenci\u00f3n\u201d, se\u00f1al\u00f3 Gonnet, en referencia al comando operativo, como as\u00ed tambi\u00e9n al accionar de la Brigada Rural Los Pumas en conjunto con el Ministerio de Ambiente y Cambio Clim\u00e1tico, y a las tareas del Grupo Albatros, de Prefectura Naval Argentina, quienes se encuentran realizando tareas de control, monitoreo y prevenci\u00f3n en terreno.<\/p>\n<p>Para cerrar, la ministra resalt\u00f3 que \u201ces importante destacar que trabajamos bajo un contexto adverso con cuatro circunstancias complejas\u201d. Al respecto, detall\u00f3: \u201cLa sequ\u00eda, la bajante hist\u00f3rica del r\u00edo Paran\u00e1, la variaci\u00f3n de los vientos y la cantidad de biomasa disponible\u201d.<\/p>\n","protected":false},"excerpt":{"rendered":"<p>Parten desde el Comando Operativo Unificado, en la localidad de Alvear, y cuentan con aviones hidrantes y helic\u00f3pteros con helibalde, a requerimiento de cada situaci\u00f3n. Este martes comenz\u00f3 una nueva jornada de combate de incendios en el Delta del r\u00edo Paran\u00e1, en un trabajo articulado entre las provincias de Santa Fe y Entre R\u00edos y [&hellip;]<\/p>\n","protected":false},"author":3,"featured_media":39424,"comment_status":"closed","ping_status":"closed","sticky":false,"template":"","format":"standard","meta":{"_joinchat":[],"footnotes":""},"categories":[60],"tags":[],"class_list":{"0":"post-39423","1":"post","2":"type-post","3":"status-publish","4":"format-standard","5":"has-post-thumbnail","7":"category-provinciales"},"_links":{"self":[{"href":"https:\/\/infovera.com.ar\/web\/wp-json\/wp\/v2\/posts\/39423","targetHints":{"allow":["GET"]}}],"collection":[{"href":"https:\/\/infovera.com.ar\/web\/wp-json\/wp\/v2\/posts"}],"about":[{"href":"https:\/\/infovera.com.ar\/web\/wp-json\/wp\/v2\/types\/post"}],"author":[{"embeddable":true,"href":"https:\/\/infovera.com.ar\/web\/wp-json\/wp\/v2\/users\/3"}],"replies":[{"embeddable":true,"href":"https:\/\/infovera.com.ar\/web\/wp-json\/wp\/v2\/comments?post=39423"}],"version-history":[{"count":0,"href":"https:\/\/infovera.com.ar\/web\/wp-json\/wp\/v2\/posts\/39423\/revisions"}],"wp:featuredmedia":[{"embeddable":true,"href":"https:\/\/infovera.com.ar\/web\/wp-json\/wp\/v2\/media\/39424"}],"wp:attachment":[{"href":"https:\/\/infovera.com.ar\/web\/wp-json\/wp\/v2\/media?parent=39423"}],"wp:term":[{"taxonomy":"category","embeddable":true,"href":"https:\/\/infovera.com.ar\/web\/wp-json\/wp\/v2\/categories?post=39423"},{"taxonomy":"post_tag","embeddable":true,"href":"https:\/\/infovera.com.ar\/web\/wp-json\/wp\/v2\/tags?post=39423"}],"curies":[{"name":"wp","href":"https:\/\/api.w.org\/{rel}","templated":true}]}}