{"id":39406,"date":"2022-08-22T14:20:33","date_gmt":"2022-08-22T17:20:33","guid":{"rendered":"https:\/\/infovera.com.ar\/web\/?p=39406"},"modified":"2022-08-23T12:49:51","modified_gmt":"2022-08-23T15:49:51","slug":"los-centros-de-accion-familiar-se-consolidan-como-espacios-de-cuidado-y-abordaje-integral","status":"publish","type":"post","link":"https:\/\/infovera.com.ar\/web\/2022\/08\/22\/los-centros-de-accion-familiar-se-consolidan-como-espacios-de-cuidado-y-abordaje-integral\/","title":{"rendered":"Los Centros de Acci\u00f3n Familiar se consolidan como espacios de cuidado y abordaje integral"},"content":{"rendered":"<p><strong>Son instituciones de puertas abiertas a la comunidad. El cuidado de las infancias y el ejercicio pleno de los derechos de ni\u00f1as, ni\u00f1os, adolescentes y sus familias, son los ejes centrales de su tarea.<\/strong><\/p>\n<p>El gobierno de la provincia, a trav\u00e9s de 30 Centros de Acci\u00f3n Familiar (CAF), brinda un cuidado y abordaje integral para ni\u00f1as, ni\u00f1os, adolescentes y sus familias en todo el territorio santafesino. Los CAF son espacios que dependen de la Secretar\u00eda de los Derechos de la Ni\u00f1ez, Adolescencia y Familia (del Ministerio de Desarrollo Social), con propuestas dirigidas a promover los derechos a partir de la convivencia, el juego, el aprendizaje y la participaci\u00f3n activa, aportando al fortalecimiento comunitario a trav\u00e9s de un sostenido trabajo en red y articulaci\u00f3n, con dispositivos y programas provinciales, municipales y de la sociedad civil.<\/p>\n<p>En el marco del programa Santa Fe M\u00e1s, las y los j\u00f3venes se capacitan a trav\u00e9s distintos talleres. La oferta de propuestas es muy amplia, con talleres sobre gastronom\u00eda, electricidad, reposter\u00eda, dise\u00f1o de indumentaria, pintura en tela, cer\u00e1mica, construcci\u00f3n de juegos de madera, peluquer\u00eda, dise\u00f1o y construcci\u00f3n con reciclados, saneamiento ambiental, huerta, costura creativa, carpinter\u00eda, elaboraci\u00f3n de viandas saludables, y sublimaci\u00f3n, entre otros.<\/p>\n<p>Son los talleres para la inclusi\u00f3n socioproductiva destinados a j\u00f3venes de entre 16 y 30 a\u00f1os quienes reciben, adem\u00e1s, una beca provincial para aprender diversos oficios y servicios.<\/p>\n<p>Tambi\u00e9n se llevan adelante talleres instrumentados por los propios trabajadores de los centros, articulados con organizaciones de la sociedad con convenios con la Secretar\u00eda de Derechos de la Ni\u00f1ez, Adolescencia y Familia a trav\u00e9s del programa Centros de D\u00eda.<\/p>\n<p>En este marco, se especializan en sublimaci\u00f3n, huerta, boxeo, rap, ajedrez, est\u00e9tica corporal, gimnasia, pintura de murales, trabajos en madera, acompa\u00f1amiento pedag\u00f3gico, tejido, circo, m\u00fasica, cocina, murga, y taller de f\u00fatbol, entre otros.<\/p>\n<p>Para el ministro de Desarrollo Social, Danilo Capitani, \u201clos CAF desempe\u00f1an una importante labor social con los grupos familiares m\u00e1s vulnerables de nuestra provincia. Consideramos que, acompa\u00f1ar y fortalecer el trabajo en los territorios, en articulaci\u00f3n con las instituciones de la sociedad civil, es el \u00fanico modo de poder abordar de manera integral y participativa las problem\u00e1ticas sociales, garantizar derechos e igualdad de oportunidades para todos y todas\u201d.<\/p>\n<p>Por su parte, la secretaria de Derechos de la Ni\u00f1ez, Adolescencia y Familia, Patricia Chialvo, expres\u00f3 que \u201clos Centros de Acci\u00f3n Familiar son fundamentales en el entramado social de los barrios, llegando a toda la familia con diversas herramientas y pol\u00edticas p\u00fablicas en la b\u00fasqueda del beneficio colectivo de todos los habitantes\u201d.<\/p>\n<p><strong>PROTECCI\u00d3N INTEGRAL<\/strong><\/p>\n<p>Desde la promulgaci\u00f3n de la Ley de Protecci\u00f3n Integral de los Derechos de Ni\u00f1as, Ni\u00f1os y Adolescentes, los CAF tambi\u00e9n se constituyen como espacios de referencia para los adolescentes y j\u00f3venes de la comunidad a trav\u00e9s de distintos talleres, propuestas y actividades para la inclusi\u00f3n colectiva, as\u00ed como el acompa\u00f1amiento a las familias en situaciones particulares.<\/p>\n<p>Funcionan 30 Centros de Acci\u00f3n Familiar distribuidos en ciudades toda la provincia (Santa Fe, Rosario, San Crist\u00f3bal, Vera, Esperanza, Tostado, Las Rosas, Reconquista, San Jos\u00e9 del Rinc\u00f3n, Venado Tuerto, Laguna Paiva, Helvecia, El Tr\u00e9bol, Santo Tom\u00e9, Coronda y Rafaela), donde participan m\u00e1s de 3.500 ni\u00f1os, ni\u00f1as, adolescentes, j\u00f3venes y sus familias.<\/p>\n<p>Actualmente se est\u00e1n remodelando y refaccionando diez CAF del total que cuenta el gobierno de la provincia, para adaptarlos a ser tambi\u00e9n espacios de primera infancia, fruto de la articulaci\u00f3n entre los ministerios de Desarrollo Social provincial y nacional, para brindar servicios de calidad a m\u00e1s de 400 ni\u00f1os y ni\u00f1as, desde los 45 d\u00edas a 4 a\u00f1os. Para ello se destina una inversi\u00f3n de 200 millones de pesos, siendo fondos no reembolsables aportados por el Banco Interamericano de Desarrollo (BID), en el marco del Programa de Apoyo al Plan Nacional de Primera Infancia.<\/p>\n<p><strong>EL ORIGEN<\/strong><\/p>\n<p>Estos espacios se crearon en 1947 durante el gobierno de Juan Domingo Per\u00f3n como Centros de Acci\u00f3n Social, con la funci\u00f3n de organizar a la comunidad para la soluci\u00f3n de problemas evitando la desintegraci\u00f3n familiar. Su funci\u00f3n era albergar a los hijos de las madres obreras, por lo que fueron instalados en las cercan\u00edas de las f\u00e1bricas y atend\u00edan en los horarios de trabajo. Se ocupaban de la alimentaci\u00f3n, el traslado a la escuela, la realizaci\u00f3n de las tareas escolares, entre otras.<\/p>\n<p>En 1977 se cambia su denominaci\u00f3n a Centro de Acci\u00f3n Familiar para fortalecer los grupos familiares, reform\u00e1ndose los criterios de admisi\u00f3n de los ni\u00f1os, cuyo requisito era pertenecer a una familia excluida del mercado laboral. Es por ello que se crearon otros CAF, pero esta vez ubicados en sectores de mayor vulnerabilidad.<\/p>\n","protected":false},"excerpt":{"rendered":"<p>Son instituciones de puertas abiertas a la comunidad. El cuidado de las infancias y el ejercicio pleno de los derechos de ni\u00f1as, ni\u00f1os, adolescentes y sus familias, son los ejes centrales de su tarea. El gobierno de la provincia, a trav\u00e9s de 30 Centros de Acci\u00f3n Familiar (CAF), brinda un cuidado y abordaje integral para [&hellip;]<\/p>\n","protected":false},"author":3,"featured_media":39407,"comment_status":"closed","ping_status":"closed","sticky":false,"template":"","format":"standard","meta":{"_joinchat":[],"footnotes":""},"categories":[60],"tags":[],"class_list":{"0":"post-39406","1":"post","2":"type-post","3":"status-publish","4":"format-standard","5":"has-post-thumbnail","7":"category-provinciales"},"_links":{"self":[{"href":"https:\/\/infovera.com.ar\/web\/wp-json\/wp\/v2\/posts\/39406","targetHints":{"allow":["GET"]}}],"collection":[{"href":"https:\/\/infovera.com.ar\/web\/wp-json\/wp\/v2\/posts"}],"about":[{"href":"https:\/\/infovera.com.ar\/web\/wp-json\/wp\/v2\/types\/post"}],"author":[{"embeddable":true,"href":"https:\/\/infovera.com.ar\/web\/wp-json\/wp\/v2\/users\/3"}],"replies":[{"embeddable":true,"href":"https:\/\/infovera.com.ar\/web\/wp-json\/wp\/v2\/comments?post=39406"}],"version-history":[{"count":0,"href":"https:\/\/infovera.com.ar\/web\/wp-json\/wp\/v2\/posts\/39406\/revisions"}],"wp:featuredmedia":[{"embeddable":true,"href":"https:\/\/infovera.com.ar\/web\/wp-json\/wp\/v2\/media\/39407"}],"wp:attachment":[{"href":"https:\/\/infovera.com.ar\/web\/wp-json\/wp\/v2\/media?parent=39406"}],"wp:term":[{"taxonomy":"category","embeddable":true,"href":"https:\/\/infovera.com.ar\/web\/wp-json\/wp\/v2\/categories?post=39406"},{"taxonomy":"post_tag","embeddable":true,"href":"https:\/\/infovera.com.ar\/web\/wp-json\/wp\/v2\/tags?post=39406"}],"curies":[{"name":"wp","href":"https:\/\/api.w.org\/{rel}","templated":true}]}}