{"id":39376,"date":"2022-08-21T16:01:13","date_gmt":"2022-08-21T19:01:13","guid":{"rendered":"https:\/\/infovera.com.ar\/web\/?p=39376"},"modified":"2022-08-22T14:21:28","modified_gmt":"2022-08-22T17:21:28","slug":"choque-de-motos-en-los-tabanos-con-una-joven-lesionada","status":"publish","type":"post","link":"https:\/\/infovera.com.ar\/web\/2022\/08\/21\/choque-de-motos-en-los-tabanos-con-una-joven-lesionada\/","title":{"rendered":"Choque de motos en Los T\u00e1banos con una joven lesionada"},"content":{"rendered":"<p><strong>Siendo las 6 horas de este domingo, personal policial de la Comisar\u00eda 6ta, de Intiyaco tom\u00f3 conocimiento sobre un siniestro vial en Ruta 3, a 5 kil\u00f3metros aproximadamente al norte de esta localidad.<\/strong><\/p>\n<p>Por causas que se tratan de establecer, un joven de 19 a\u00f1os y una joven de 25 a\u00f1os colisionaron con sus respectivos motoveh\u00edculos, ambos domiciliados en la localidad de Los T\u00e1banos.<\/p>\n<p>Al momento del choque ambos circulaban en sentido sur\/norte en motos marca Guerrero GC 200 cc, color negro, sin dominio visible y la otra moto marca Appia 110 cc, de<br \/>\ncolor negro, sin dominio visible.<\/p>\n<p>Examinados por m\u00e9dico del hospital de Intiyaco, posteriormente la mujer fue trasladada al hospital Central de Reconquista.-<\/p>\n<p>LOS AMORES<\/p>\n<p>En fecha 20\/08\/2022 siendo las 13,25 horas personal policial de la Sub Cria 1 era de la<br \/>\nLocalidad de Los Amores, proceden a la aprehensi\u00f3n de un joven, mayor de edad, quien<br \/>\nmomentos antes por causas que se investigan ocasion\u00f3 lesiones presumiblemente con<br \/>\narma blanca a otro joven (familiar); trasladado la v\u00edctima al hospital local para su<br \/>\natenci\u00f3n medica y posteriormente al hospital central de Reconquista Personal actuante<br \/>\nprocedieron al secuestro de elementos que interesan a la causa. Interviene UFI. Nro 4-<br \/>\nVera<\/p>\n<p>CALCHAQUI<\/p>\n<p>Personal policial de la Comisaria 2da de Calchaqu\u00ed, siendo las as 06:00 horas<br \/>\naproximadamente, de fecha 21\/08\/2022, toma conocimiento mediante la denuncia de<br \/>\nla progenitora de un menor de 15 a\u00f1os de edad, por causas que se tratan de establecer,<br \/>\nque su hijo fue agredido por otros j\u00f3venes; la v\u00edctima fue asistida en el hospital de esa<br \/>\nlocalidad. Se prosiguen diligencias con intervenci\u00f3n del Juzgado de menores de la ciudad<br \/>\nde Reconquista.-<\/p>\n<p>&nbsp;<\/p>\n","protected":false},"excerpt":{"rendered":"<p>Siendo las 6 horas de este domingo, personal policial de la Comisar\u00eda 6ta, de Intiyaco tom\u00f3 conocimiento sobre un siniestro vial en Ruta 3, a 5 kil\u00f3metros aproximadamente al norte de esta localidad. Por causas que se tratan de establecer, un joven de 19 a\u00f1os y una joven de 25 a\u00f1os colisionaron con sus respectivos [&hellip;]<\/p>\n","protected":false},"author":3,"featured_media":39377,"comment_status":"closed","ping_status":"closed","sticky":false,"template":"","format":"standard","meta":{"_joinchat":[],"footnotes":""},"categories":[51,30],"tags":[],"class_list":{"0":"post-39376","1":"post","2":"type-post","3":"status-publish","4":"format-standard","5":"has-post-thumbnail","7":"category-locales","8":"category-policiales"},"_links":{"self":[{"href":"https:\/\/infovera.com.ar\/web\/wp-json\/wp\/v2\/posts\/39376","targetHints":{"allow":["GET"]}}],"collection":[{"href":"https:\/\/infovera.com.ar\/web\/wp-json\/wp\/v2\/posts"}],"about":[{"href":"https:\/\/infovera.com.ar\/web\/wp-json\/wp\/v2\/types\/post"}],"author":[{"embeddable":true,"href":"https:\/\/infovera.com.ar\/web\/wp-json\/wp\/v2\/users\/3"}],"replies":[{"embeddable":true,"href":"https:\/\/infovera.com.ar\/web\/wp-json\/wp\/v2\/comments?post=39376"}],"version-history":[{"count":0,"href":"https:\/\/infovera.com.ar\/web\/wp-json\/wp\/v2\/posts\/39376\/revisions"}],"wp:featuredmedia":[{"embeddable":true,"href":"https:\/\/infovera.com.ar\/web\/wp-json\/wp\/v2\/media\/39377"}],"wp:attachment":[{"href":"https:\/\/infovera.com.ar\/web\/wp-json\/wp\/v2\/media?parent=39376"}],"wp:term":[{"taxonomy":"category","embeddable":true,"href":"https:\/\/infovera.com.ar\/web\/wp-json\/wp\/v2\/categories?post=39376"},{"taxonomy":"post_tag","embeddable":true,"href":"https:\/\/infovera.com.ar\/web\/wp-json\/wp\/v2\/tags?post=39376"}],"curies":[{"name":"wp","href":"https:\/\/api.w.org\/{rel}","templated":true}]}}