{"id":39312,"date":"2022-08-19T14:47:59","date_gmt":"2022-08-19T17:47:59","guid":{"rendered":"https:\/\/infovera.com.ar\/web\/?p=39312"},"modified":"2022-08-21T16:49:17","modified_gmt":"2022-08-21T19:49:17","slug":"calchaqui-hallaron-si-vida-a-una-conocida-vecina-y-el-fiscal-ordeno-la-autopsia","status":"publish","type":"post","link":"https:\/\/infovera.com.ar\/web\/2022\/08\/19\/calchaqui-hallaron-si-vida-a-una-conocida-vecina-y-el-fiscal-ordeno-la-autopsia\/","title":{"rendered":"Calchaqu\u00ed: hallaron sin vida a una conocida vecina y el fiscal orden\u00f3 la autopsia"},"content":{"rendered":"<p><strong>A las 9:50, efectivos policiales de Calchaqu\u00ed arribaron al domicilio de un vecina del barrio Moreno, que se hallaba sin vida.<\/strong><\/p>\n<p>Noem\u00ed &#8220;Mimi&#8221; Burella, de 61 a\u00f1os, por causas que se investigan se encontraba sin vida en su domicilio.<\/p>\n<p>En el lugar se hizo presente un m\u00e9dico policial en turno quien aconsej\u00f3 autopsia, la que fue ordenada por el fiscal Nicol\u00e1s Maglier y se realizar\u00e1 el pr\u00f3ximo lunes.<\/p>\n<p>Asimismo se aboc\u00f3 a la investigaci\u00f3n personal de la AIC.<\/p>\n<p>&#8220;Mimi&#8221; estaba al frente del Taller de Costura en el Centro de D\u00eda Municipal &#8220;Semillero&#8221;, ten\u00eda un emprendimiento artesanal llamado &#8220;Mimicha&#8221;.<\/p>\n<p>&nbsp;<\/p>\n","protected":false},"excerpt":{"rendered":"<p>A las 9:50, efectivos policiales de Calchaqu\u00ed arribaron al domicilio de un vecina del barrio Moreno, que se hallaba sin vida. Noem\u00ed &#8220;Mimi&#8221; Burella, de 61 a\u00f1os, por causas que se investigan se encontraba sin vida en su domicilio. En el lugar se hizo presente un m\u00e9dico policial en turno quien aconsej\u00f3 autopsia, la que [&hellip;]<\/p>\n","protected":false},"author":3,"featured_media":39318,"comment_status":"closed","ping_status":"closed","sticky":false,"template":"","format":"standard","meta":{"_joinchat":[],"footnotes":""},"categories":[52,30],"tags":[],"class_list":{"0":"post-39312","1":"post","2":"type-post","3":"status-publish","4":"format-standard","5":"has-post-thumbnail","7":"category-calchaqui","8":"category-policiales"},"_links":{"self":[{"href":"https:\/\/infovera.com.ar\/web\/wp-json\/wp\/v2\/posts\/39312","targetHints":{"allow":["GET"]}}],"collection":[{"href":"https:\/\/infovera.com.ar\/web\/wp-json\/wp\/v2\/posts"}],"about":[{"href":"https:\/\/infovera.com.ar\/web\/wp-json\/wp\/v2\/types\/post"}],"author":[{"embeddable":true,"href":"https:\/\/infovera.com.ar\/web\/wp-json\/wp\/v2\/users\/3"}],"replies":[{"embeddable":true,"href":"https:\/\/infovera.com.ar\/web\/wp-json\/wp\/v2\/comments?post=39312"}],"version-history":[{"count":0,"href":"https:\/\/infovera.com.ar\/web\/wp-json\/wp\/v2\/posts\/39312\/revisions"}],"wp:featuredmedia":[{"embeddable":true,"href":"https:\/\/infovera.com.ar\/web\/wp-json\/wp\/v2\/media\/39318"}],"wp:attachment":[{"href":"https:\/\/infovera.com.ar\/web\/wp-json\/wp\/v2\/media?parent=39312"}],"wp:term":[{"taxonomy":"category","embeddable":true,"href":"https:\/\/infovera.com.ar\/web\/wp-json\/wp\/v2\/categories?post=39312"},{"taxonomy":"post_tag","embeddable":true,"href":"https:\/\/infovera.com.ar\/web\/wp-json\/wp\/v2\/tags?post=39312"}],"curies":[{"name":"wp","href":"https:\/\/api.w.org\/{rel}","templated":true}]}}