{"id":39297,"date":"2022-08-19T13:01:58","date_gmt":"2022-08-19T16:01:58","guid":{"rendered":"https:\/\/infovera.com.ar\/web\/?p=39297"},"modified":"2022-08-19T13:56:09","modified_gmt":"2022-08-19T16:56:09","slug":"reparan-una-averia-en-el-acueducto-reconquista","status":"publish","type":"post","link":"https:\/\/infovera.com.ar\/web\/2022\/08\/19\/reparan-una-averia-en-el-acueducto-reconquista\/","title":{"rendered":"Reparan una aver\u00eda en el Acueducto Reconquista"},"content":{"rendered":"<p><strong>Aguas Santafesinas informa que se produjo una aver\u00eda en el ramal Norte del Acueducto Reconquista que alimenta a las localidades de Avellaneda, Lanteri, Las Garzas, Flor de Oro y Guadalupe Norte.<\/strong><\/p>\n<p>La rotura se registra en el conducto de 450 mil\u00edmetros de di\u00e1metro en la intersecci\u00f3n de calles 1 y 322 de Avellaneda.<\/p>\n<p>Los trabajos de reparaci\u00f3n est\u00e1n a cargo de la Uni\u00f3n Transitoria de Empresas que tendi\u00f3 dicho ramal, dado que la obra se encuentra en garant\u00eda.<\/p>\n<p>Mientras se ejecutan las tareas necesarias y para asegurar la continuidad del servicio, los prestadores de cada localidad reactivaron los sistemas de provisi\u00f3n de agua anteriores a la puesta en marcha del Acueducto Reconquista.<\/p>\n<p>Se estima que los trabajos demandar\u00e1n 48 horas.<\/p>\n<p>El jefe de Distrito de Aguas Santafesinas, Claudio Tasc\u00f3n, explic\u00f3 a <strong>InfoVera<\/strong> que \u201chubo una rotura del acueducto, de la ca\u00f1er\u00eda de 450 que va para la zona de Avellaneda y tambi\u00e9n afecta la provisi\u00f3n de la cisterna donde se bombea para el norte. Eso todav\u00eda est\u00e1 en garant\u00eda, est\u00e1 trabajando el personal de la UTE en el lugar que est\u00e1 en la intersecci\u00f3n de calle 1 y 322 de Avellaneda\u201d.<\/p>\n<p>El funcionario indic\u00f3 que \u201cya se sabe cu\u00e1l es el problema, hay que desbarrar todo, limpiar todo y despu\u00e9s se va a hacer una electrofusi\u00f3n. Hay una soldadura que se desprendi\u00f3, despu\u00e9s habr\u00e1 que ver los motivos, esos son ca\u00f1os que se van soldando por termofusi\u00f3n. Ahora tienen que electrofusionar esa parte donde ya cuentan con los materiales y los elementos para realizar el trabajo\u201d.<\/p>\n<p>Mientras tanto, en los distritos de Avellaneda, Lanteri, Flor de Oro, Las Garzas y Guadalupe entr\u00f3 en funcionamiento el sistema anterior al acueducto, con los que est\u00e1n asistiendo a los usuarios, hasta que el acueducto est\u00e9 reparado, agreg\u00f3 Tasc\u00f3n.<\/p>\n<p>La aver\u00eda se detect\u00f3 anoche alrededor de las 22, precis\u00f3, dijo que \u201chubo p\u00e9rdida de agua por semejante ca\u00f1er\u00eda con presi\u00f3n\u201d, y destac\u00f3 que \u201cr\u00e1pidamente el personal nuestro como el de la Cooperativa de Avellaneda y de la UTE reaccionaron r\u00e1pido y se fueron tomando los recaudos necesarios\u201d<\/p>\n<p>En cuanto al tiempo previsto para subsanar el inconveniente, estim\u00f3 que \u201clas tareas pueden llevar 48 horas porque para el trabajo de termofusionado y electrofusionado tiene que estar la ca\u00f1er\u00eda seca, entonces es m\u00e1s el tiempo de preparaci\u00f3n, y son tiempos que son muy dif\u00edciles de acortar\u201d.<\/p>\n<p>Por \u00faltimo, sostuvo que \u201cReconquista no se ve afectada porque forma parte de otro ramal\u201d.<\/p>\n","protected":false},"excerpt":{"rendered":"<p>Aguas Santafesinas informa que se produjo una aver\u00eda en el ramal Norte del Acueducto Reconquista que alimenta a las localidades de Avellaneda, Lanteri, Las Garzas, Flor de Oro y Guadalupe Norte. La rotura se registra en el conducto de 450 mil\u00edmetros de di\u00e1metro en la intersecci\u00f3n de calles 1 y 322 de Avellaneda. Los trabajos [&hellip;]<\/p>\n","protected":false},"author":3,"featured_media":39298,"comment_status":"closed","ping_status":"closed","sticky":false,"template":"","format":"standard","meta":{"_joinchat":[],"footnotes":""},"categories":[55],"tags":[],"class_list":{"0":"post-39297","1":"post","2":"type-post","3":"status-publish","4":"format-standard","5":"has-post-thumbnail","7":"category-reconquista"},"_links":{"self":[{"href":"https:\/\/infovera.com.ar\/web\/wp-json\/wp\/v2\/posts\/39297","targetHints":{"allow":["GET"]}}],"collection":[{"href":"https:\/\/infovera.com.ar\/web\/wp-json\/wp\/v2\/posts"}],"about":[{"href":"https:\/\/infovera.com.ar\/web\/wp-json\/wp\/v2\/types\/post"}],"author":[{"embeddable":true,"href":"https:\/\/infovera.com.ar\/web\/wp-json\/wp\/v2\/users\/3"}],"replies":[{"embeddable":true,"href":"https:\/\/infovera.com.ar\/web\/wp-json\/wp\/v2\/comments?post=39297"}],"version-history":[{"count":0,"href":"https:\/\/infovera.com.ar\/web\/wp-json\/wp\/v2\/posts\/39297\/revisions"}],"wp:featuredmedia":[{"embeddable":true,"href":"https:\/\/infovera.com.ar\/web\/wp-json\/wp\/v2\/media\/39298"}],"wp:attachment":[{"href":"https:\/\/infovera.com.ar\/web\/wp-json\/wp\/v2\/media?parent=39297"}],"wp:term":[{"taxonomy":"category","embeddable":true,"href":"https:\/\/infovera.com.ar\/web\/wp-json\/wp\/v2\/categories?post=39297"},{"taxonomy":"post_tag","embeddable":true,"href":"https:\/\/infovera.com.ar\/web\/wp-json\/wp\/v2\/tags?post=39297"}],"curies":[{"name":"wp","href":"https:\/\/api.w.org\/{rel}","templated":true}]}}