{"id":39256,"date":"2022-08-17T18:42:09","date_gmt":"2022-08-17T21:42:09","guid":{"rendered":"https:\/\/infovera.com.ar\/web\/?p=39256"},"modified":"2022-08-17T18:42:09","modified_gmt":"2022-08-17T21:42:09","slug":"homenaje-a-ricardo-mendez-y-a-miguel-ballejo","status":"publish","type":"post","link":"https:\/\/infovera.com.ar\/web\/2022\/08\/17\/homenaje-a-ricardo-mendez-y-a-miguel-ballejo\/","title":{"rendered":"Homenaje a Ricardo M\u00e9ndez y a Miguel Ballejo"},"content":{"rendered":"<p><strong>Este domingo se realiz\u00f3 un acto para instituir los nombres de los exfutbolistas Ricardo M\u00e9ndez y Miguel Ballejo a un potrero de Calchaqu\u00ed.<\/strong><\/p>\n<p>El acto fue organizado por el \u00c1rea de Deportes Municipal en el predio ubicado en la esquina de Bv. Belgrano y AP Justo, y cont\u00f3 con la presencia del exjugador Jorge Pellegrini, familiares y amigos de los homenajeados.<\/p>\n<p>\u00a1Felicitaciones, Miguel y Ricardo!<\/p>\n","protected":false},"excerpt":{"rendered":"<p>Este domingo se realiz\u00f3 un acto para instituir los nombres de los exfutbolistas Ricardo M\u00e9ndez y Miguel Ballejo a un potrero de Calchaqu\u00ed. El acto fue organizado por el \u00c1rea de Deportes Municipal en el predio ubicado en la esquina de Bv. Belgrano y AP Justo, y cont\u00f3 con la presencia del exjugador Jorge Pellegrini, [&hellip;]<\/p>\n","protected":false},"author":3,"featured_media":39257,"comment_status":"closed","ping_status":"closed","sticky":false,"template":"","format":"standard","meta":{"_joinchat":[],"footnotes":""},"categories":[52,31,35],"tags":[],"class_list":{"0":"post-39256","1":"post","2":"type-post","3":"status-publish","4":"format-standard","5":"has-post-thumbnail","7":"category-calchaqui","8":"category-deportes","9":"category-futbol"},"_links":{"self":[{"href":"https:\/\/infovera.com.ar\/web\/wp-json\/wp\/v2\/posts\/39256","targetHints":{"allow":["GET"]}}],"collection":[{"href":"https:\/\/infovera.com.ar\/web\/wp-json\/wp\/v2\/posts"}],"about":[{"href":"https:\/\/infovera.com.ar\/web\/wp-json\/wp\/v2\/types\/post"}],"author":[{"embeddable":true,"href":"https:\/\/infovera.com.ar\/web\/wp-json\/wp\/v2\/users\/3"}],"replies":[{"embeddable":true,"href":"https:\/\/infovera.com.ar\/web\/wp-json\/wp\/v2\/comments?post=39256"}],"version-history":[{"count":0,"href":"https:\/\/infovera.com.ar\/web\/wp-json\/wp\/v2\/posts\/39256\/revisions"}],"wp:featuredmedia":[{"embeddable":true,"href":"https:\/\/infovera.com.ar\/web\/wp-json\/wp\/v2\/media\/39257"}],"wp:attachment":[{"href":"https:\/\/infovera.com.ar\/web\/wp-json\/wp\/v2\/media?parent=39256"}],"wp:term":[{"taxonomy":"category","embeddable":true,"href":"https:\/\/infovera.com.ar\/web\/wp-json\/wp\/v2\/categories?post=39256"},{"taxonomy":"post_tag","embeddable":true,"href":"https:\/\/infovera.com.ar\/web\/wp-json\/wp\/v2\/tags?post=39256"}],"curies":[{"name":"wp","href":"https:\/\/api.w.org\/{rel}","templated":true}]}}