{"id":39252,"date":"2022-08-17T18:40:02","date_gmt":"2022-08-17T21:40:02","guid":{"rendered":"https:\/\/infovera.com.ar\/web\/?p=39252"},"modified":"2022-08-17T18:40:02","modified_gmt":"2022-08-17T21:40:02","slug":"santa-fe-capacita-se-dictaran-cursos-en-los-viveros-provinciales-de-santa-fe-y-santa-felicia","status":"publish","type":"post","link":"https:\/\/infovera.com.ar\/web\/2022\/08\/17\/santa-fe-capacita-se-dictaran-cursos-en-los-viveros-provinciales-de-santa-fe-y-santa-felicia\/","title":{"rendered":"Santa Fe Capacita: se dictar\u00e1n cursos en los viveros provinciales de Santa Fe y Santa Felicia"},"content":{"rendered":"<p><strong>Los mismos se llevar\u00e1n adelante desde septiembre a noviembre y est\u00e1n destinados a quienes quieran iniciarse en la producci\u00f3n de \u00e1rboles con destino comercial.<\/strong><\/p>\n<p>En el marco del Programa Santa Fe Capacita, el Gobierno de la provincia, a trav\u00e9s de los ministerios de Producci\u00f3n, Ciencia y Tecnolog\u00eda, y de Trabajo, Empleo y Seguridad Social, llevar\u00e1 adelante dos cursos destinados a personas que reci\u00e9n inician o que eval\u00faan comenzar la actividad de producci\u00f3n de \u00e1rboles con destino comercial y se llevar\u00e1n adelante en los viveros provinciales de Santa Felicia y Santa Fe.El primero de ellos comenzar\u00e1 el 14 de septiembre y se denomina: \u201cPr\u00e1cticas de trabajo y manejo en un vivero forestal\u201d y se desarrollar\u00e1 en el Vivero Provincial de Santa Felicia (Ruta Provincial 88S- Paraje Santa Felicia, departamento Vera). El mismo consta de encuentros semanales a realizarse todos los mi\u00e9rcoles hasta el 5 de octubre en el horario de 9 a 15.<\/p>\n<p>El otro curso, que iniciar\u00e1 el 15 de septiembre, se llama: \u201cProducci\u00f3n de plantas en viveros\u201d y se llevar\u00e1 a cabo en el Vivero Provincial de Santa Fe (Ruta Nacional N\u00b0 11 km. 478 (3001) &#8211; Recreo Sur, Santa Fe Capital). El mismo consta de encuentros semanales a realizarse todos los jueves hasta el 3 de noviembre en el horario de 8:30 a 14:30.<\/p>\n<p>El objetivo de ambos es adquirir y fortalecer conocimientos generales relativos a la producci\u00f3n de \u00e1rboles en vivero, con ajuste a las particularidades de la zona: uso de recursos locales y destinos. Tambi\u00e9n, brindar elementos t\u00e9cnicos y metodol\u00f3gicos para la producci\u00f3n de plantas de especies le\u00f1osas. Adem\u00e1s, vincular con otros actores del sector, para intercambiar informaci\u00f3n, conocimientos, inquietudes, experiencias.<\/p>\n<p>Informes e inscripci\u00f3n: coforestal@santafe.gov.ar o al tel\u00e9fono 342 4574919\/23.<\/p>\n","protected":false},"excerpt":{"rendered":"<p>Los mismos se llevar\u00e1n adelante desde septiembre a noviembre y est\u00e1n destinados a quienes quieran iniciarse en la producci\u00f3n de \u00e1rboles con destino comercial. En el marco del Programa Santa Fe Capacita, el Gobierno de la provincia, a trav\u00e9s de los ministerios de Producci\u00f3n, Ciencia y Tecnolog\u00eda, y de Trabajo, Empleo y Seguridad Social, llevar\u00e1 [&hellip;]<\/p>\n","protected":false},"author":3,"featured_media":39253,"comment_status":"closed","ping_status":"closed","sticky":false,"template":"","format":"standard","meta":{"_joinchat":[],"footnotes":""},"categories":[53],"tags":[],"class_list":{"0":"post-39252","1":"post","2":"type-post","3":"status-publish","4":"format-standard","5":"has-post-thumbnail","7":"category-vera"},"_links":{"self":[{"href":"https:\/\/infovera.com.ar\/web\/wp-json\/wp\/v2\/posts\/39252","targetHints":{"allow":["GET"]}}],"collection":[{"href":"https:\/\/infovera.com.ar\/web\/wp-json\/wp\/v2\/posts"}],"about":[{"href":"https:\/\/infovera.com.ar\/web\/wp-json\/wp\/v2\/types\/post"}],"author":[{"embeddable":true,"href":"https:\/\/infovera.com.ar\/web\/wp-json\/wp\/v2\/users\/3"}],"replies":[{"embeddable":true,"href":"https:\/\/infovera.com.ar\/web\/wp-json\/wp\/v2\/comments?post=39252"}],"version-history":[{"count":0,"href":"https:\/\/infovera.com.ar\/web\/wp-json\/wp\/v2\/posts\/39252\/revisions"}],"wp:featuredmedia":[{"embeddable":true,"href":"https:\/\/infovera.com.ar\/web\/wp-json\/wp\/v2\/media\/39253"}],"wp:attachment":[{"href":"https:\/\/infovera.com.ar\/web\/wp-json\/wp\/v2\/media?parent=39252"}],"wp:term":[{"taxonomy":"category","embeddable":true,"href":"https:\/\/infovera.com.ar\/web\/wp-json\/wp\/v2\/categories?post=39252"},{"taxonomy":"post_tag","embeddable":true,"href":"https:\/\/infovera.com.ar\/web\/wp-json\/wp\/v2\/tags?post=39252"}],"curies":[{"name":"wp","href":"https:\/\/api.w.org\/{rel}","templated":true}]}}