{"id":39225,"date":"2022-08-17T11:00:37","date_gmt":"2022-08-17T14:00:37","guid":{"rendered":"https:\/\/infovera.com.ar\/web\/?p=39225"},"modified":"2022-08-17T19:12:57","modified_gmt":"2022-08-17T22:12:57","slug":"jorge-baclini-la-independencia-judicial-no-es-un-privilegio-de-jueces-y-fiscales-es-una-garantia-para-la-ciudadania","status":"publish","type":"post","link":"https:\/\/infovera.com.ar\/web\/2022\/08\/17\/jorge-baclini-la-independencia-judicial-no-es-un-privilegio-de-jueces-y-fiscales-es-una-garantia-para-la-ciudadania\/","title":{"rendered":"Jorge Baclini: \u201cLa independencia judicial no es un privilegio de jueces y fiscales, es una garant\u00eda para la ciudadan\u00eda\u201d"},"content":{"rendered":"<p><strong>As\u00ed lo sostuvo el Fiscal General del MPA en una\u00a0audiencia p\u00fablica realizada\u00a0en\u00a0la C\u00e1mara de Diputados de la provincia.\u00a0La jornada fue convocada\u00a0para debatir acerca del control y\u00a0del\u00a0r\u00e9gimen disciplinario de los\u00a0y las\u00a0fiscales. \u201cNadie habla de impunidad.\u00a0El control debe existir, pero no puede politizarse\u201d,\u00a0sostuvo.<\/strong><\/p>\n<p>El Fiscal General del MPA, Jorge Baclini, particip\u00f3\u00a0ayer\u00a0de una\u00a0audiencia p\u00fablica\u00a0acerca del control y auditor\u00eda del MPA y del r\u00e9gimen disciplinario sobre los \u00f3rganos fiscales del MPA y del Servicio P\u00fablico Provincial de la Defensa Penal (SPPDP)<\/p>\n<p>La reuni\u00f3n fue\u00a0convocada por el presidente de la C\u00e1mara de Diputados de la provincia, Pablo Far\u00edas, y la diputada provincial, Lionella Cattalini, y se llev\u00f3 a cabo en la Legislatura.<\/p>\n<p>Del encuentro tambi\u00e9n participaron los cinco Fiscales Regionales del MPA (Carlos Arietti; Mar\u00eda Eugenia Iribarren; Mat\u00edas Merlo; Rub\u00e9n Mart\u00ednez y Diego Vigo) y la Auditora General de Gesti\u00f3n, Mar\u00eda Cecilia Vranicich. Tambi\u00e9n estuvieron presentes fiscales del MPA, autoridades del SPPDP y del Poder Judicial de la provincia.<\/p>\n<p><strong>Independencia<\/strong><\/p>\n<p>\u201cNaturalmente, los controles disciplinarios deben existir. Nadie habla de impunidad, ni tampoco de un control interno propio\u201d, aclar\u00f3 Baclini. \u201cLo que estamos planteando es c\u00f3mo y ante qui\u00e9n deben darse estos controles, de manera tal que se garantice la independencia del MPA de los otros poderes del Estado\u201d, sostuvo el Fiscal General y agreg\u00f3 que \u201cesa independencia judicial externa tiene su origen en la divisi\u00f3n de los poderes,\u00a0y es claro que ning\u00fan poder\u00a0debe subordinarse o ser subordinado por otro\u201d.<\/p>\n<p>El titular del MPA a\u00f1adi\u00f3: \u201cLa independencia judicial no es un privilegio de los jueces y las juezas y de los y las fiscales, sino que esa libertad de actuaci\u00f3n conforma una garant\u00eda para los ciudadanos\u201d.<\/p>\n<p>Tambi\u00e9n\u00a0argument\u00f3 que \u201cuna de las formas de atacar la independencia y la libertad de actuaci\u00f3n es poner en vilo la permanencia en el cargo de quienes integran el MPA\u201d. En tal sentido, indic\u00f3\u00a0que \u201cque\u00a0cualquier tipo de sanci\u00f3n disciplinaria sobre un o una fiscal es un valor muy importante que amerita un an\u00e1lisis puntual y exhaustivo en las causales que la habilitan, el procedimiento dispuesto, el tiempo de duraci\u00f3n del procedimiento y la autoridad a quien se le asigna tal potestad de perseguir y decidir, la que no deber\u00e1 ser pol\u00edtica\u201d.<\/p>\n<p>\u201cEl MPA, sus\u00a0\u00f3rganos de direcci\u00f3n y sus \u00f3rganos fiscales deben tener independencia externa, tal como lo prev\u00e9 la\u00a0Constituci\u00f3n Provincial para los ministros de la Corte Suprema de Justicia y para los jueces y las juezas\u201d, manifest\u00f3 Baclini. \u201cDe hecho \u2013record\u00f3\u2013 as\u00ed lo establec\u00eda la ley 13.013 en su dise\u00f1o originario: Fiscal General, Fiscales Regionales y Auditor de Gesti\u00f3n sujetos a un proceso de remoci\u00f3n similar al juicio pol\u00edtico previsto para los miembros de la Corte; mientras que jury de enjuiciamiento \u2013tal como ocurre con los jueces\u00a0y las juezas\u00a0nombrados con acuerdo legislativo\u2013 para los\u00a0y las\u00a0fiscales\u201d.<\/p>\n<p><strong>Inconstitucionalidad<\/strong><\/p>\n<p>Sin embargo, el Fiscal General record\u00f3 que la ley 13.013 fue modificada por la 13.807. En esa l\u00ednea, hizo hincapi\u00e9 en que \u201cesta reforma dot\u00f3 a\u00a0la Legislatura de facultades para investigar y juzgar disciplinariamente a los y las fiscales, fiscales adjuntos y fiscales adjuntas y a otros funcionarios y funcionarias del MPA y del Organismo de Investigaciones (OI)\u201d.<\/p>\n<p>\u201cCuando la Legislatura se convierte en el acusador y juzgador de un o una fiscal, la garant\u00eda de imparcialidad se esfuma por la propia naturaleza pol\u00edtica del \u00f3rgano legiferante\u201d, explic\u00f3.<\/p>\n<p>Asimismo, puntualiz\u00f3 que\u00a0\u201cpara validar la independencia externa, el Poder Legislativo no puede tener injerencias sobre los y las fiscales. Por el contrario, los y las fiscales deber\u00edan ser sometidos a un control disciplinario t\u00e9cnico\u2013jur\u00eddico, con un acusador jur\u00eddico y un tribunal con composici\u00f3n mixta integrado por autoridades que hagan una evaluaci\u00f3n jur\u00eddica, que al no tener compromiso ni intereses en favor ni en contra del sujeto que est\u00e1 siendo juzgado, garantice la imparcialidad\u201d.<\/p>\n<p>\u201cEn definitiva \u2013concluy\u00f3 el Fiscal General\u2013,\u00a0si al Poder Legislativo se le conceden facultades de control sobre las autoridades judiciales que materializan la acci\u00f3n penal, se pierde la naturaleza y esencia jur\u00eddica de esos funcionarios\u00a0y funcionarias, que\u00a0quedan condicionados\/as y expuestos\/as a la voluntad pol\u00edtica\u201d.<\/p>\n","protected":false},"excerpt":{"rendered":"<p>As\u00ed lo sostuvo el Fiscal General del MPA en una\u00a0audiencia p\u00fablica realizada\u00a0en\u00a0la C\u00e1mara de Diputados de la provincia.\u00a0La jornada fue convocada\u00a0para debatir acerca del control y\u00a0del\u00a0r\u00e9gimen disciplinario de los\u00a0y las\u00a0fiscales. \u201cNadie habla de impunidad.\u00a0El control debe existir, pero no puede politizarse\u201d,\u00a0sostuvo. El Fiscal General del MPA, Jorge Baclini, particip\u00f3\u00a0ayer\u00a0de una\u00a0audiencia p\u00fablica\u00a0acerca del control y auditor\u00eda [&hellip;]<\/p>\n","protected":false},"author":3,"featured_media":39226,"comment_status":"closed","ping_status":"closed","sticky":false,"template":"","format":"standard","meta":{"_joinchat":[],"footnotes":""},"categories":[60],"tags":[],"class_list":{"0":"post-39225","1":"post","2":"type-post","3":"status-publish","4":"format-standard","5":"has-post-thumbnail","7":"category-provinciales"},"_links":{"self":[{"href":"https:\/\/infovera.com.ar\/web\/wp-json\/wp\/v2\/posts\/39225","targetHints":{"allow":["GET"]}}],"collection":[{"href":"https:\/\/infovera.com.ar\/web\/wp-json\/wp\/v2\/posts"}],"about":[{"href":"https:\/\/infovera.com.ar\/web\/wp-json\/wp\/v2\/types\/post"}],"author":[{"embeddable":true,"href":"https:\/\/infovera.com.ar\/web\/wp-json\/wp\/v2\/users\/3"}],"replies":[{"embeddable":true,"href":"https:\/\/infovera.com.ar\/web\/wp-json\/wp\/v2\/comments?post=39225"}],"version-history":[{"count":0,"href":"https:\/\/infovera.com.ar\/web\/wp-json\/wp\/v2\/posts\/39225\/revisions"}],"wp:featuredmedia":[{"embeddable":true,"href":"https:\/\/infovera.com.ar\/web\/wp-json\/wp\/v2\/media\/39226"}],"wp:attachment":[{"href":"https:\/\/infovera.com.ar\/web\/wp-json\/wp\/v2\/media?parent=39225"}],"wp:term":[{"taxonomy":"category","embeddable":true,"href":"https:\/\/infovera.com.ar\/web\/wp-json\/wp\/v2\/categories?post=39225"},{"taxonomy":"post_tag","embeddable":true,"href":"https:\/\/infovera.com.ar\/web\/wp-json\/wp\/v2\/tags?post=39225"}],"curies":[{"name":"wp","href":"https:\/\/api.w.org\/{rel}","templated":true}]}}