{"id":39195,"date":"2022-08-16T19:29:30","date_gmt":"2022-08-16T22:29:30","guid":{"rendered":"https:\/\/infovera.com.ar\/web\/?p=39195"},"modified":"2022-08-17T18:33:34","modified_gmt":"2022-08-17T21:33:34","slug":"dos-imputados-por-abusos-sexuales-a-menores-recibieron-el-beneficio-de-prision-domiciliaria","status":"publish","type":"post","link":"https:\/\/infovera.com.ar\/web\/2022\/08\/16\/dos-imputados-por-abusos-sexuales-a-menores-recibieron-el-beneficio-de-prision-domiciliaria\/","title":{"rendered":"Dos imputados por abusos sexuales a menores recibieron el beneficio de prisi\u00f3n domiciliaria y libertad vigilada"},"content":{"rendered":"<p><strong>Ambos estaban con prisi\u00f3n preventiva sin plazos. Ahora, uno cumplir\u00e1 la detenci\u00f3n en su domicilios y el otro en libertad con restricciones, hasta el juicio. Malestar de familiares y apoderados legales de las pretensas v\u00edctimas.<\/strong><\/p>\n<p>Esta ma\u00f1ana, Jos\u00e9 Luis Ramos recibi\u00f3 el beneficio de libertad con restricciones\u00a0 en una audiencia celebrada en la Oficina de Gesti\u00f3n Judicial de Vera.<\/p>\n<p>El 13 de mayo pasado, este sexagenariofue imputado por el fiscal Nicol\u00e1s Maglier por abuso sexual con acceso carnal reiterado en el tiempo y agravado por corrupci\u00f3n de menores, todo en concurso real, en perjuicio de un nene de 8 a\u00f1os.<\/p>\n<p>Luego de ser encartado por el grave delito recay\u00f3 ese mismo d\u00eda sobre \u00e9l la prisi\u00f3n preventiva sin plazos, que hoy se transform\u00f3 en detenci\u00f3n domiciliaria.<\/p>\n<p>En aquel momento, el acusado estuvo representado por el defensor oficial Mat\u00edas Daruich, que se opuso a la medida cautelar y solicit\u00f3 que Ramos sea objeto de una pericia psiqui\u00e1trica por entender que presentaba una afecci\u00f3n de ese tipo. Dijo que que hac\u00eda un tiempo recibi\u00f3 un golpe en la cabeza y eso min\u00f3 sus capacidades.<\/p>\n<p>Los familiares del nene dijeron a <strong>InfoVera<\/strong>, que la figura de corrupci\u00f3n de menores le fue endilgada a Ramos porque habr\u00eda ofrecido dinero al chico para supuestamente poder abusarlo.<\/p>\n<p>Desde hoy, Ramos dej\u00f3 la alcaid\u00eda local donde estaba alojado para pasar cumplir la nueva medida de libertad vigilada en un domicilio rural de La Gallareta.<\/p>\n<p>Este martes, familiares del chico que ma\u00f1ana cumple 9 a\u00f1os se comunicaron con <strong>InfoVera<\/strong> para expresar su disconformidad con la medida judicial que moriger\u00f3 la detenci\u00f3n del imputado y reclamar que &#8220;por lo menos debi\u00f3 estar preso hasta la segunda C\u00e1mara Gesell&#8221;, que no tiene fecha de realizaci\u00f3n.<\/p>\n<p>Es que en la primera C\u00e1mara Gesell el menor no emiti\u00f3 palabra y los profesionales no pudieron ahondar la investigaci\u00f3n sobre el caso. La familia cree que tiene temor a hablar por la experiencia traum\u00e1tica que le habr\u00eda tocado vivir.<\/p>\n<p>En tanto, el fiscal Nicol\u00e1s Maglier se opuso a la domiciliaria y aunque a\u00fan no est\u00e1n los fundamentos de la resoluci\u00f3n del juez Gustavo Gon, estim\u00f3 que pudo deberse a que en la C\u00e1mara Gesell el chico no dijo nada de lo que forma parte de la denuncia.<\/p>\n<p><strong>Caso Stefanucci<\/strong><\/p>\n<p>Por otra parte, el mi\u00e9rcoles de la semana pasada qued\u00f3 en prisi\u00f3n domiciliaria el comunicador social Silvio &#8220;Cudy&#8221; Stefanucci, imputado por abusos sexuales contra sus dos hijastras.<\/p>\n<p>Profesionales del estudio jur\u00eddico Walker Torres que representan a las pretensas v\u00edctimas se opusieron a la prisi\u00f3n domiciliaria otorgada a Stefanucci, ya que &#8220;est\u00e1 a un paso del juicio oral y p\u00fablico por los abusos sexuales sistem\u00e1ticos cometidos durante a\u00f1os en perjuicio de sus dos hijastras, cuando eran ni\u00f1as y adolescentes en la ciudad de Vera&#8221;.<\/p>\n<p>En un comunicado, los querellantes entendieron que &#8220;esta decisi\u00f3n es un grave retroceso en los derechos de las v\u00edctimas que deben vivir encerradas con una intolerable afectaci\u00f3n moral y psicol\u00f3gica ante este beneficio dado a su abusador. Tiene una pena solicitada de 15 a\u00f1os por la fiscal\u00eda y 20 por nuestro equipo. Los elementos de cargo son contundentes y la condena es inminente&#8221;.<\/p>\n<p>La medida fue en respuesta a la solicitud de sus defensores que pidieron que deje de cumplir la prisi\u00f3n preventiva porque Stefanucci alcanz\u00f3 los 70 a\u00f1os y manifestaron un &#8220;deteriorado estado de salud que estar\u00eda sufriendo. Por nuestra parte destacamos que los problemas mencionados los sufri\u00f3 toda la vida y no le impidieron cometer los hechos atroces por los que est\u00e1 acusado&#8221;, apuntaron los abogados.<\/p>\n<p>&#8220;Esta querella se opuso &#8211; al igual que la fiscal\u00eda- con el argumento de que la sola edad del imputado por s\u00ed misma no basta para el beneficio solicitado, y el estado de salud no implica una grave afecci\u00f3n que ponga en peligro su vida ya que puede ser tratado adecuadamente por los profesionales de salud del servicio penitenciario&#8221;, aseguraron.<\/p>\n<p>Asimismo, solicitaron el monitoreo electr\u00f3nico y puntualizaron que &#8220;los abusadores sexuales no son delincuentes comunes, el tratamiento de estos casos en la justicia requiere de la mayor celeridad y severidad en las decisiones, protegiendo fundamentalmente los derechos y la integridad de las v\u00edctimas&#8221;.<\/p>\n<p>Desde el estudio Walker Torres confirmaron que este martes fue presentada la apelaci\u00f3n a a la resoluci\u00f3n judicial.<\/p>\n","protected":false},"excerpt":{"rendered":"<p>Ambos estaban con prisi\u00f3n preventiva sin plazos. Ahora, uno cumplir\u00e1 la detenci\u00f3n en su domicilios y el otro en libertad con restricciones, hasta el juicio. Malestar de familiares y apoderados legales de las pretensas v\u00edctimas. Esta ma\u00f1ana, Jos\u00e9 Luis Ramos recibi\u00f3 el beneficio de libertad con restricciones\u00a0 en una audiencia celebrada en la Oficina de [&hellip;]<\/p>\n","protected":false},"author":3,"featured_media":39206,"comment_status":"closed","ping_status":"closed","sticky":false,"template":"","format":"standard","meta":{"_joinchat":[],"footnotes":""},"categories":[53],"tags":[],"class_list":{"0":"post-39195","1":"post","2":"type-post","3":"status-publish","4":"format-standard","5":"has-post-thumbnail","7":"category-vera"},"_links":{"self":[{"href":"https:\/\/infovera.com.ar\/web\/wp-json\/wp\/v2\/posts\/39195","targetHints":{"allow":["GET"]}}],"collection":[{"href":"https:\/\/infovera.com.ar\/web\/wp-json\/wp\/v2\/posts"}],"about":[{"href":"https:\/\/infovera.com.ar\/web\/wp-json\/wp\/v2\/types\/post"}],"author":[{"embeddable":true,"href":"https:\/\/infovera.com.ar\/web\/wp-json\/wp\/v2\/users\/3"}],"replies":[{"embeddable":true,"href":"https:\/\/infovera.com.ar\/web\/wp-json\/wp\/v2\/comments?post=39195"}],"version-history":[{"count":0,"href":"https:\/\/infovera.com.ar\/web\/wp-json\/wp\/v2\/posts\/39195\/revisions"}],"wp:featuredmedia":[{"embeddable":true,"href":"https:\/\/infovera.com.ar\/web\/wp-json\/wp\/v2\/media\/39206"}],"wp:attachment":[{"href":"https:\/\/infovera.com.ar\/web\/wp-json\/wp\/v2\/media?parent=39195"}],"wp:term":[{"taxonomy":"category","embeddable":true,"href":"https:\/\/infovera.com.ar\/web\/wp-json\/wp\/v2\/categories?post=39195"},{"taxonomy":"post_tag","embeddable":true,"href":"https:\/\/infovera.com.ar\/web\/wp-json\/wp\/v2\/tags?post=39195"}],"curies":[{"name":"wp","href":"https:\/\/api.w.org\/{rel}","templated":true}]}}