{"id":39181,"date":"2022-08-16T17:35:40","date_gmt":"2022-08-16T20:35:40","guid":{"rendered":"https:\/\/infovera.com.ar\/web\/?p=39181"},"modified":"2022-08-16T19:33:58","modified_gmt":"2022-08-16T22:33:58","slug":"infancias-felices","status":"publish","type":"post","link":"https:\/\/infovera.com.ar\/web\/2022\/08\/16\/infancias-felices\/","title":{"rendered":"Infancias felices"},"content":{"rendered":"<p><strong>M\u00e1s de 70 ni\u00f1os y ni\u00f1as -de entre 10 y 13 a\u00f1os- de la Fundaci\u00f3n Luminares de Calchaqu\u00ed visitaron la quinta-granja del senador Osvaldo Sosa en Santa Felicia.<\/strong><\/p>\n<p>La iniciativa del legislador por Vera, cont\u00f3 con la aprobaci\u00f3n de los responsables de las distintas \u00e1reas para que el grupo tome contacto con todo lo que la naturaleza le brinda en un hermoso y apacible lugar.<\/p>\n<p>All\u00ed tuvieron cercan\u00eda con gallinas, patos, conejos, chivos, ovejas, vaca, caballo y hasta un par de cuervos perfectamente domesticados para el contacto con los humanos; una experiencia que resultar\u00e1 inolvidable para todos.<\/p>\n<p>La Fundaci\u00f3n Luminares tiene varias \u00e1reas de acci\u00f3n, como la iglesia evang\u00e9lica \u201cAsamblea de Dios\u201d, un Centro de D\u00eda y un Hogar de Ni\u00f1os que, a trav\u00e9s de convenios con la provincia, brinda alojamiento y cuidado a quienes provienen de sectores vulnerables y casos judicializados.<\/p>\n<p>Luego del almuerzo, el contingente se dirigi\u00f3 al shopping de Vera para tomar helados y asistir a una funci\u00f3n de cine.<\/p>\n<p>Los coordinadores del grupo agradecieron al senador Osvaldo Sosa por haberles brindado esta posibilidad \u00fanica de conocer un mundo nuevo que los chicos disfrutaron a pleno.<\/p>\n","protected":false},"excerpt":{"rendered":"<p>M\u00e1s de 70 ni\u00f1os y ni\u00f1as -de entre 10 y 13 a\u00f1os- de la Fundaci\u00f3n Luminares de Calchaqu\u00ed visitaron la quinta-granja del senador Osvaldo Sosa en Santa Felicia. La iniciativa del legislador por Vera, cont\u00f3 con la aprobaci\u00f3n de los responsables de las distintas \u00e1reas para que el grupo tome contacto con todo lo que [&hellip;]<\/p>\n","protected":false},"author":3,"featured_media":39182,"comment_status":"closed","ping_status":"closed","sticky":false,"template":"","format":"standard","meta":{"_joinchat":[],"footnotes":""},"categories":[53],"tags":[],"class_list":{"0":"post-39181","1":"post","2":"type-post","3":"status-publish","4":"format-standard","5":"has-post-thumbnail","7":"category-vera"},"_links":{"self":[{"href":"https:\/\/infovera.com.ar\/web\/wp-json\/wp\/v2\/posts\/39181","targetHints":{"allow":["GET"]}}],"collection":[{"href":"https:\/\/infovera.com.ar\/web\/wp-json\/wp\/v2\/posts"}],"about":[{"href":"https:\/\/infovera.com.ar\/web\/wp-json\/wp\/v2\/types\/post"}],"author":[{"embeddable":true,"href":"https:\/\/infovera.com.ar\/web\/wp-json\/wp\/v2\/users\/3"}],"replies":[{"embeddable":true,"href":"https:\/\/infovera.com.ar\/web\/wp-json\/wp\/v2\/comments?post=39181"}],"version-history":[{"count":0,"href":"https:\/\/infovera.com.ar\/web\/wp-json\/wp\/v2\/posts\/39181\/revisions"}],"wp:featuredmedia":[{"embeddable":true,"href":"https:\/\/infovera.com.ar\/web\/wp-json\/wp\/v2\/media\/39182"}],"wp:attachment":[{"href":"https:\/\/infovera.com.ar\/web\/wp-json\/wp\/v2\/media?parent=39181"}],"wp:term":[{"taxonomy":"category","embeddable":true,"href":"https:\/\/infovera.com.ar\/web\/wp-json\/wp\/v2\/categories?post=39181"},{"taxonomy":"post_tag","embeddable":true,"href":"https:\/\/infovera.com.ar\/web\/wp-json\/wp\/v2\/tags?post=39181"}],"curies":[{"name":"wp","href":"https:\/\/api.w.org\/{rel}","templated":true}]}}