{"id":37436,"date":"2022-08-04T17:00:40","date_gmt":"2022-08-04T20:00:40","guid":{"rendered":"https:\/\/infovera.com.ar\/web\/?p=37436"},"modified":"2022-08-05T14:10:34","modified_gmt":"2022-08-05T17:10:34","slug":"la-ministra-silvina-frana-visito-vera","status":"publish","type":"post","link":"https:\/\/infovera.com.ar\/web\/2022\/08\/04\/la-ministra-silvina-frana-visito-vera\/","title":{"rendered":"La ministra Silvina Frana visit\u00f3 Vera"},"content":{"rendered":"<p><strong>Fue recibida por el senador Osvaldo Sosa en un encuentro del que tambi\u00e9n participaron la intendente de Vera, Paula Mitre; los presidentes comunales de Margarita, Ariel Bola\u00f1o; de Fort\u00edn Olmos, Rodrigo Acevedo; de Toba, Hern\u00e1n Niemiz y de Garabato Belkis Villalba; con quienes dialog\u00f3 sobre la realidad de cada distrito.<\/strong><\/p>\n<p>El senador Sosa destac\u00f3 la presencia de la Ministra de Infraestructura, Servicios P\u00fablicos y H\u00e1bitat dado que \u201ces de suma importancia para conocer los detalles de los proyectos en marcha que tiene el gobierno en el norte provincial y especialmente en nuestro departamento\u201d.<\/p>\n<p>En di\u00e1logo con la prensa, Frana se mostr\u00f3 muy agradecida de este nuevo contacto \u201ccon los actores del d\u00eda a d\u00eda que son los que mejor conocen la realidad, por eso venimos a escucharlos y a rendir cuenta de lo que hacemos y proyectamos hacer\u201d.<\/p>\n<p>Destac\u00f3 la fuerte inversi\u00f3n que el gobierno realiza en el norte para romper el desequilibrio que existe en la provincia, sobre todo en rutas transversales, remarcando que \u201cle hemos dado continuidad a todas las obras que recibimos, pagamos las deudas que hab\u00eda y est\u00e1n todas en ejecuci\u00f3n\u201d.<\/p>\n<p>\u201cPuede que haya alguna demora por falta de insumos, en funci\u00f3n de eso puede haber alguna ampliaci\u00f3n en los plazos solicitados por los propios contratistas \u2013tal como est\u00e1 previsto en la ley de obras p\u00fablicas- \u00a0pero no se ha interrumpido ninguna\u201d, asegur\u00f3.<\/p>\n<p>Como ejemplo cit\u00f3 la Ruta 36 que unir\u00e1 a Vera con Romang y la Ruta 3 a Los Amores, los planes de viviendas, la intervenci\u00f3n en el \u00e1rea de los Bajos Submeridionales, como as\u00ed tambi\u00e9n obras de saneamiento y otras en proceso de licitaci\u00f3n, tambi\u00e9n en el \u00e1rea energ\u00e9tica, proyectadas con una fuerte pol\u00edtica de arraigo.<\/p>\n<p>Con respecto al tema viviendas aclar\u00f3 que \u201cla mayor dificultad radica en la falta de terrenos, pero siempre que aparece una posibilidad llegamos con la respuesta inmediata\u201d.<\/p>\n<p>Con referencia a la situaci\u00f3n econ\u00f3mica que se vive en el orden nacional, la ministra reconoci\u00f3 la complejidad del momento pero no obstante aclar\u00f3 que \u201cninguna obra con financiamiento nacional se paraliz\u00f3, puede haber alguna demora en la asignaci\u00f3n de las partidas pero todas siguen su curso y en cuanto a las de la provincia el gobierno ya tiene definido su financiamiento\u201d.<\/p>\n<p>Finalmente Silvina Frana, acompa\u00f1ada por el senador Osvaldo Sosa y la Intendente Paula Mitre, recorri\u00f3 la obra en el hospital de Vera donde su directora, Dra. Carola Neumann, gui\u00f3 la recorrida que incluy\u00f3 la sala de guardia, el Shock Room, consultorios externos, la Unidad de Terapia Intensiva y la sala Covid con aparatolog\u00eda de alta complejidad.<\/p>\n<p>Vale mencionar que esta obra, que tendr\u00e1 un gran impacto regional en el tema salud, est\u00e1 en su etapa final.<\/p>\n<p>Letyana Press<\/p>\n","protected":false},"excerpt":{"rendered":"<p>Fue recibida por el senador Osvaldo Sosa en un encuentro del que tambi\u00e9n participaron la intendente de Vera, Paula Mitre; los presidentes comunales de Margarita, Ariel Bola\u00f1o; de Fort\u00edn Olmos, Rodrigo Acevedo; de Toba, Hern\u00e1n Niemiz y de Garabato Belkis Villalba; con quienes dialog\u00f3 sobre la realidad de cada distrito. El senador Sosa destac\u00f3 la [&hellip;]<\/p>\n","protected":false},"author":3,"featured_media":37437,"comment_status":"closed","ping_status":"closed","sticky":false,"template":"","format":"standard","meta":{"_joinchat":[],"footnotes":""},"categories":[53],"tags":[],"class_list":{"0":"post-37436","1":"post","2":"type-post","3":"status-publish","4":"format-standard","5":"has-post-thumbnail","7":"category-vera"},"_links":{"self":[{"href":"https:\/\/infovera.com.ar\/web\/wp-json\/wp\/v2\/posts\/37436","targetHints":{"allow":["GET"]}}],"collection":[{"href":"https:\/\/infovera.com.ar\/web\/wp-json\/wp\/v2\/posts"}],"about":[{"href":"https:\/\/infovera.com.ar\/web\/wp-json\/wp\/v2\/types\/post"}],"author":[{"embeddable":true,"href":"https:\/\/infovera.com.ar\/web\/wp-json\/wp\/v2\/users\/3"}],"replies":[{"embeddable":true,"href":"https:\/\/infovera.com.ar\/web\/wp-json\/wp\/v2\/comments?post=37436"}],"version-history":[{"count":0,"href":"https:\/\/infovera.com.ar\/web\/wp-json\/wp\/v2\/posts\/37436\/revisions"}],"wp:featuredmedia":[{"embeddable":true,"href":"https:\/\/infovera.com.ar\/web\/wp-json\/wp\/v2\/media\/37437"}],"wp:attachment":[{"href":"https:\/\/infovera.com.ar\/web\/wp-json\/wp\/v2\/media?parent=37436"}],"wp:term":[{"taxonomy":"category","embeddable":true,"href":"https:\/\/infovera.com.ar\/web\/wp-json\/wp\/v2\/categories?post=37436"},{"taxonomy":"post_tag","embeddable":true,"href":"https:\/\/infovera.com.ar\/web\/wp-json\/wp\/v2\/tags?post=37436"}],"curies":[{"name":"wp","href":"https:\/\/api.w.org\/{rel}","templated":true}]}}