{"id":37415,"date":"2022-08-04T12:19:56","date_gmt":"2022-08-04T15:19:56","guid":{"rendered":"https:\/\/infovera.com.ar\/web\/?p=37415"},"modified":"2022-08-05T08:43:47","modified_gmt":"2022-08-05T11:43:47","slug":"un-camion-repartidor-quedo-empantanado-servicios-publicos-se-nego-a-sacarlo-para-evitar-romper-las-calles","status":"publish","type":"post","link":"https:\/\/infovera.com.ar\/web\/2022\/08\/04\/un-camion-repartidor-quedo-empantanado-servicios-publicos-se-nego-a-sacarlo-para-evitar-romper-las-calles\/","title":{"rendered":"Un cami\u00f3n repartidor qued\u00f3 empantanado, Servicios P\u00fablicos se neg\u00f3 a remolcarlo para evitar &#8220;romper las calles&#8221;"},"content":{"rendered":"<p><strong>Un cami\u00f3n frior\u00edfico que repart\u00eda productos congelados de Friar no pudo sortear la dificultad de transitar por las calles de Vera en d\u00edas de lluvia y qued\u00f3 cruzado sobre una calle de tierra, empantanado y sin poder avanzar.<\/strong><\/p>\n<p>El propietario del transporte, oriundo de Avellaneda, dijo a <strong>InfoVera<\/strong> que se comunic\u00f3 con Servicios P\u00fablicos para solicitar ayuda y ser remolcado.<\/p>\n<p>Pero, la respuesta fue negativa. &#8220;Dicen q no nos van a venir a sacar. Porque tienen prohibido, porque si no rompen las calles&#8221;, cont\u00f3 el chofer que le respondi\u00f3 un encargado del \u00e1rea.<\/p>\n<p>Por lo pronto, lament\u00f3 tener que dejar su cami\u00f3n hasta que mejoren las condiciones del tiempo con riesgo cierto de perder su carga que necesita mantener la cadena fr\u00edo, o hasta que pueda conseguir alg\u00fan auxilio de un servicio de remolque privado. Desde ayer est\u00e1 varado en ese lugar, en Arronga y Salta.<\/p>\n<p>Este viajante se\u00f1al\u00f3 que la calle de calzada natural no presentaba ninguna restricci\u00f3n de paso en la bocacalle y que parec\u00eda ser una arteria ripiada, pero una vez que se adentr\u00f3 cay\u00f3 en la cuenta de lo endeble del piso.<\/p>\n<div class=\"wp-playlist wp-audio-playlist wp-playlist-light\">\n\t\t\t<div class=\"wp-playlist-current-item\"><\/div>\n\t\t<audio controls=\"controls\" preload=\"none\" width=\"674\"\n\t\t\t><\/audio>\n\t<div class=\"wp-playlist-next\"><\/div>\n\t<div class=\"wp-playlist-prev\"><\/div>\n\t<noscript>\n\t<ol>\n\t\t<li><a href='https:\/\/infovera.com.ar\/web\/wp-content\/uploads\/2022\/08\/Pablo-Flores-el-chofer-del-camion-online-audio-converter.com_.ogg'>Pablo Flores, el chofer del cami\u00f3n (online-audio-converter.com)<\/a><\/li>\t<\/ol>\n\t<\/noscript>\n\t<script type=\"application\/json\" class=\"wp-playlist-script\">{\"type\":\"audio\",\"tracklist\":true,\"tracknumbers\":true,\"images\":true,\"artists\":true,\"tracks\":[{\"src\":\"https:\/\/infovera.com.ar\/web\/wp-content\/uploads\/2022\/08\/Pablo-Flores-el-chofer-del-camion-online-audio-converter.com_.ogg\",\"type\":\"audio\/ogg\",\"title\":\"Pablo Flores, el chofer del cami\\u00f3n (online-audio-converter.com)\",\"caption\":\"\",\"description\":\"\\\"Pablo Flores, el chofer del cami\\u00f3n (online-audio-converter.com)\\\".\",\"meta\":{\"length_formatted\":\"8:00\"},\"image\":{\"src\":\"https:\/\/infovera.com.ar\/web\/wp-includes\/images\/media\/audio.svg\",\"width\":48,\"height\":64},\"thumb\":{\"src\":\"https:\/\/infovera.com.ar\/web\/wp-includes\/images\/media\/audio.svg\",\"width\":48,\"height\":64}}]}<\/script>\n<\/div>\n\t\n","protected":false},"excerpt":{"rendered":"<p>Un cami\u00f3n frior\u00edfico que repart\u00eda productos congelados de Friar no pudo sortear la dificultad de transitar por las calles de Vera en d\u00edas de lluvia y qued\u00f3 cruzado sobre una calle de tierra, empantanado y sin poder avanzar. El propietario del transporte, oriundo de Avellaneda, dijo a InfoVera que se comunic\u00f3 con Servicios P\u00fablicos para [&hellip;]<\/p>\n","protected":false},"author":3,"featured_media":37416,"comment_status":"closed","ping_status":"closed","sticky":false,"template":"","format":"standard","meta":{"_joinchat":[],"footnotes":""},"categories":[53],"tags":[],"class_list":{"0":"post-37415","1":"post","2":"type-post","3":"status-publish","4":"format-standard","5":"has-post-thumbnail","7":"category-vera"},"_links":{"self":[{"href":"https:\/\/infovera.com.ar\/web\/wp-json\/wp\/v2\/posts\/37415","targetHints":{"allow":["GET"]}}],"collection":[{"href":"https:\/\/infovera.com.ar\/web\/wp-json\/wp\/v2\/posts"}],"about":[{"href":"https:\/\/infovera.com.ar\/web\/wp-json\/wp\/v2\/types\/post"}],"author":[{"embeddable":true,"href":"https:\/\/infovera.com.ar\/web\/wp-json\/wp\/v2\/users\/3"}],"replies":[{"embeddable":true,"href":"https:\/\/infovera.com.ar\/web\/wp-json\/wp\/v2\/comments?post=37415"}],"version-history":[{"count":0,"href":"https:\/\/infovera.com.ar\/web\/wp-json\/wp\/v2\/posts\/37415\/revisions"}],"wp:featuredmedia":[{"embeddable":true,"href":"https:\/\/infovera.com.ar\/web\/wp-json\/wp\/v2\/media\/37416"}],"wp:attachment":[{"href":"https:\/\/infovera.com.ar\/web\/wp-json\/wp\/v2\/media?parent=37415"}],"wp:term":[{"taxonomy":"category","embeddable":true,"href":"https:\/\/infovera.com.ar\/web\/wp-json\/wp\/v2\/categories?post=37415"},{"taxonomy":"post_tag","embeddable":true,"href":"https:\/\/infovera.com.ar\/web\/wp-json\/wp\/v2\/tags?post=37415"}],"curies":[{"name":"wp","href":"https:\/\/api.w.org\/{rel}","templated":true}]}}