{"id":37352,"date":"2022-08-03T15:38:38","date_gmt":"2022-08-03T18:38:38","guid":{"rendered":"https:\/\/infovera.com.ar\/web\/?p=37352"},"modified":"2022-08-03T15:38:38","modified_gmt":"2022-08-03T18:38:38","slug":"multiples-allanamientos-por-una-investigacion-sobre-narcotrafico-en-el-centro-norte","status":"publish","type":"post","link":"https:\/\/infovera.com.ar\/web\/2022\/08\/03\/multiples-allanamientos-por-una-investigacion-sobre-narcotrafico-en-el-centro-norte\/","title":{"rendered":"M\u00faltiples allanamientos por una investigaci\u00f3n sobre narcotr\u00e1fico en el centro-norte"},"content":{"rendered":"<p><strong>Santa Fe, Reconquista, Santo Tom\u00e9, entre las ciudades donde se hicieron los operativos.<\/strong><\/p>\n<p>Un megaoperativo contra el narcotr\u00e1fico se est\u00e1 desarrollando este mi\u00e9rcoles por la ma\u00f1ana en distintas localidad del centro-norte de la provincia de Santa Fe.<br \/>\nEn total, se realizan cerca de tres decenas de allanamientos en Reconquista, Santa Fe, Santo Tom\u00e9, San Javier, Videla, San Justo, Nar\u00e9 y Romang.<\/p>\n<p>Los procedimientos se dieron de manera simult\u00e1nea en diversas localidades de la provincia.<\/p>\n<p>Si bien no trascendieron demasiados detalles sobre las actuaciones, se supo que los procedimientos fueron ordenados por el juez federal Aldo Alurralde, a ra\u00edz de tareas de inteligencia desplegadas conjuntamente por la Direcci\u00f3n de Narcocriminalidad de la AIC y del Organismo de Investigaciones del Ministerio P\u00fablico de la Acusaci\u00f3n. El fiscal federal que interviene es el doctor Roberto Sal\u00fam.<\/p>\n","protected":false},"excerpt":{"rendered":"<p>Santa Fe, Reconquista, Santo Tom\u00e9, entre las ciudades donde se hicieron los operativos. Un megaoperativo contra el narcotr\u00e1fico se est\u00e1 desarrollando este mi\u00e9rcoles por la ma\u00f1ana en distintas localidad del centro-norte de la provincia de Santa Fe. En total, se realizan cerca de tres decenas de allanamientos en Reconquista, Santa Fe, Santo Tom\u00e9, San Javier, [&hellip;]<\/p>\n","protected":false},"author":3,"featured_media":0,"comment_status":"closed","ping_status":"closed","sticky":false,"template":"","format":"standard","meta":{"_joinchat":[],"footnotes":""},"categories":[55],"tags":[],"class_list":{"0":"post-37352","1":"post","2":"type-post","3":"status-publish","4":"format-standard","6":"category-reconquista"},"_links":{"self":[{"href":"https:\/\/infovera.com.ar\/web\/wp-json\/wp\/v2\/posts\/37352","targetHints":{"allow":["GET"]}}],"collection":[{"href":"https:\/\/infovera.com.ar\/web\/wp-json\/wp\/v2\/posts"}],"about":[{"href":"https:\/\/infovera.com.ar\/web\/wp-json\/wp\/v2\/types\/post"}],"author":[{"embeddable":true,"href":"https:\/\/infovera.com.ar\/web\/wp-json\/wp\/v2\/users\/3"}],"replies":[{"embeddable":true,"href":"https:\/\/infovera.com.ar\/web\/wp-json\/wp\/v2\/comments?post=37352"}],"version-history":[{"count":0,"href":"https:\/\/infovera.com.ar\/web\/wp-json\/wp\/v2\/posts\/37352\/revisions"}],"wp:attachment":[{"href":"https:\/\/infovera.com.ar\/web\/wp-json\/wp\/v2\/media?parent=37352"}],"wp:term":[{"taxonomy":"category","embeddable":true,"href":"https:\/\/infovera.com.ar\/web\/wp-json\/wp\/v2\/categories?post=37352"},{"taxonomy":"post_tag","embeddable":true,"href":"https:\/\/infovera.com.ar\/web\/wp-json\/wp\/v2\/tags?post=37352"}],"curies":[{"name":"wp","href":"https:\/\/api.w.org\/{rel}","templated":true}]}}