{"id":37268,"date":"2022-08-01T09:57:02","date_gmt":"2022-08-01T12:57:02","guid":{"rendered":"https:\/\/infovera.com.ar\/web\/?p=37268"},"modified":"2022-08-02T14:16:27","modified_gmt":"2022-08-02T17:16:27","slug":"la-provincia-licitara-la-construccion-de-72-viviendas-en-vera","status":"publish","type":"post","link":"https:\/\/infovera.com.ar\/web\/2022\/08\/01\/la-provincia-licitara-la-construccion-de-72-viviendas-en-vera\/","title":{"rendered":"La provincia licitar\u00e1 la construcci\u00f3n de 72 viviendas en Vera"},"content":{"rendered":"<p><strong>Ser\u00e1 el 19 de agosto, a las 12 horas, en el Complejo \u201cLa Estaci\u00f3n\u201d, de esa ciudad. La obra demandar\u00e1 una inversi\u00f3n superior a los $ 420 millones, a trav\u00e9s de la operatoria Casa Propia Construir Futuro.\u00a0<\/strong><\/p>\n<p>El gobierno provincial, a trav\u00e9s de la secretar\u00eda de H\u00e1bitat, Urbanismo y Vivienda y la direcci\u00f3n Provincial de Vivienda y Urbanismo (DPVyU), licitar\u00e1 el pr\u00f3ximo 19 de agosto la construcci\u00f3n de 72 viviendas en Vera, que demandar\u00e1n una inversi\u00f3n superior a los 420 millones de pesos. El acto se realizar\u00e1 desde las 12 horas en el complejo \u201cLa Estaci\u00f3n\u201d, Rivadavia 1650, de esa ciudad del norte santafesino.<\/p>\n<p>Al respecto, el secretario de H\u00e1bitat, Amado Zorz\u00f3n, destac\u00f3 que \u201cesta licitaci\u00f3n tienen que ver con la decisi\u00f3n pol\u00edtica del presidente Alberto Fern\u00e1ndez y del gobernador Omar Perotti de dar respuestas concretas, con justicia social, al acceso a la vivienda y al h\u00e1bitat digno\u201d, al tiempo que abog\u00f3 porque \u201cestas pol\u00edticas trasciendan las gestiones y que las pr\u00f3ximas sigan abordando la cuesti\u00f3n del h\u00e1bitat para que todas las personas puedan vivir dignamente\u201d.<\/p>\n<p>\u201cTenemos el fuerte compromiso de nuestra ministra Silvina Frana de llegar a las 365 localidades de Santa Fe, escuchando a nuestra gente y sin mirar el color partidario. As\u00ed es c\u00f3mo llevamos adelante esta tarea de recuperar y terminar viviendas que hace a\u00f1os estaban inconclusas\u201d, complet\u00f3 el funcionario.<\/p>\n<p><strong>LAS VIVIENDAS<\/strong><\/p>\n<p>Se erigir\u00e1n en las calles Mitre y Moreno, entre las calles J.V. Gonz\u00e1lez y Pueyrred\u00f3n, y constar\u00e1n de estar-comedor, cocina, lavadero y ba\u00f1o. Ser\u00e1n de dos dormitorios, de las cuales 68 corresponder\u00e1n al prototipo \u201cvivienda compacta\u201d y las cuatro restantes al de \u201cvivienda adaptada para personas con discapacidad motriz\u201d.<\/p>\n<p>Asimismo, las unidades habitacionales tendr\u00e1n m\u00e1s de 65 metros cuadrados e incluir\u00e1n las instalaciones de red de agua potable, desag\u00fces cloacales a pozo absorbente, red de media tensi\u00f3n, alumbrado p\u00fablico y conexi\u00f3n para gas envasado.<\/p>\n<p>La obra, que tendr\u00e1 un plazo de ejecuci\u00f3n de 12 meses, se concretar\u00e1 a trav\u00e9s del del programa Casa Propia &#8211; Construir Futuro, que forma parte de las acciones implementadas para la reconstrucci\u00f3n del pa\u00eds, con financiamiento y la asistencia del Estado Nacional a trav\u00e9s de la Secretar\u00eda de H\u00e1bitat del Ministerio de Desarrollo Territorial y H\u00e1bitat.<\/p>\n","protected":false},"excerpt":{"rendered":"<p>Ser\u00e1 el 19 de agosto, a las 12 horas, en el Complejo \u201cLa Estaci\u00f3n\u201d, de esa ciudad. La obra demandar\u00e1 una inversi\u00f3n superior a los $ 420 millones, a trav\u00e9s de la operatoria Casa Propia Construir Futuro.\u00a0 El gobierno provincial, a trav\u00e9s de la secretar\u00eda de H\u00e1bitat, Urbanismo y Vivienda y la direcci\u00f3n Provincial de [&hellip;]<\/p>\n","protected":false},"author":3,"featured_media":37269,"comment_status":"closed","ping_status":"closed","sticky":false,"template":"","format":"standard","meta":{"_joinchat":[],"footnotes":""},"categories":[53],"tags":[],"class_list":{"0":"post-37268","1":"post","2":"type-post","3":"status-publish","4":"format-standard","5":"has-post-thumbnail","7":"category-vera"},"_links":{"self":[{"href":"https:\/\/infovera.com.ar\/web\/wp-json\/wp\/v2\/posts\/37268","targetHints":{"allow":["GET"]}}],"collection":[{"href":"https:\/\/infovera.com.ar\/web\/wp-json\/wp\/v2\/posts"}],"about":[{"href":"https:\/\/infovera.com.ar\/web\/wp-json\/wp\/v2\/types\/post"}],"author":[{"embeddable":true,"href":"https:\/\/infovera.com.ar\/web\/wp-json\/wp\/v2\/users\/3"}],"replies":[{"embeddable":true,"href":"https:\/\/infovera.com.ar\/web\/wp-json\/wp\/v2\/comments?post=37268"}],"version-history":[{"count":0,"href":"https:\/\/infovera.com.ar\/web\/wp-json\/wp\/v2\/posts\/37268\/revisions"}],"wp:featuredmedia":[{"embeddable":true,"href":"https:\/\/infovera.com.ar\/web\/wp-json\/wp\/v2\/media\/37269"}],"wp:attachment":[{"href":"https:\/\/infovera.com.ar\/web\/wp-json\/wp\/v2\/media?parent=37268"}],"wp:term":[{"taxonomy":"category","embeddable":true,"href":"https:\/\/infovera.com.ar\/web\/wp-json\/wp\/v2\/categories?post=37268"},{"taxonomy":"post_tag","embeddable":true,"href":"https:\/\/infovera.com.ar\/web\/wp-json\/wp\/v2\/tags?post=37268"}],"curies":[{"name":"wp","href":"https:\/\/api.w.org\/{rel}","templated":true}]}}