{"id":37266,"date":"2022-07-31T21:30:14","date_gmt":"2022-08-01T00:30:14","guid":{"rendered":"https:\/\/infovera.com.ar\/web\/?p=37266"},"modified":"2022-07-31T21:30:14","modified_gmt":"2022-08-01T00:30:14","slug":"la-chica-buscada-aparecio-en-la-casa-de-un-famliar","status":"publish","type":"post","link":"https:\/\/infovera.com.ar\/web\/2022\/07\/31\/la-chica-buscada-aparecio-en-la-casa-de-un-famliar\/","title":{"rendered":"La chica buscada apareci\u00f3 en la casa de un famliar"},"content":{"rendered":"<p>La menor de 12 a\u00f1os fue hallada en la casa de unos.parientes, inform\u00f3 la Unidad Regional XIX.<\/p>\n<p>Su madre hab\u00eda realizado la denuncia por pedido de paradero esta madrugada.<\/p>\n<p>&nbsp;<\/p>\n","protected":false},"excerpt":{"rendered":"<p>La menor de 12 a\u00f1os fue hallada en la casa de unos.parientes, inform\u00f3 la Unidad Regional XIX. Su madre hab\u00eda realizado la denuncia por pedido de paradero esta madrugada. &nbsp;<\/p>\n","protected":false},"author":3,"featured_media":32342,"comment_status":"closed","ping_status":"closed","sticky":false,"template":"","format":"standard","meta":{"_joinchat":[],"footnotes":""},"categories":[53],"tags":[],"class_list":{"0":"post-37266","1":"post","2":"type-post","3":"status-publish","4":"format-standard","5":"has-post-thumbnail","7":"category-vera"},"_links":{"self":[{"href":"https:\/\/infovera.com.ar\/web\/wp-json\/wp\/v2\/posts\/37266","targetHints":{"allow":["GET"]}}],"collection":[{"href":"https:\/\/infovera.com.ar\/web\/wp-json\/wp\/v2\/posts"}],"about":[{"href":"https:\/\/infovera.com.ar\/web\/wp-json\/wp\/v2\/types\/post"}],"author":[{"embeddable":true,"href":"https:\/\/infovera.com.ar\/web\/wp-json\/wp\/v2\/users\/3"}],"replies":[{"embeddable":true,"href":"https:\/\/infovera.com.ar\/web\/wp-json\/wp\/v2\/comments?post=37266"}],"version-history":[{"count":0,"href":"https:\/\/infovera.com.ar\/web\/wp-json\/wp\/v2\/posts\/37266\/revisions"}],"wp:featuredmedia":[{"embeddable":true,"href":"https:\/\/infovera.com.ar\/web\/wp-json\/wp\/v2\/media\/32342"}],"wp:attachment":[{"href":"https:\/\/infovera.com.ar\/web\/wp-json\/wp\/v2\/media?parent=37266"}],"wp:term":[{"taxonomy":"category","embeddable":true,"href":"https:\/\/infovera.com.ar\/web\/wp-json\/wp\/v2\/categories?post=37266"},{"taxonomy":"post_tag","embeddable":true,"href":"https:\/\/infovera.com.ar\/web\/wp-json\/wp\/v2\/tags?post=37266"}],"curies":[{"name":"wp","href":"https:\/\/api.w.org\/{rel}","templated":true}]}}