{"id":37247,"date":"2022-07-31T14:00:01","date_gmt":"2022-07-31T17:00:01","guid":{"rendered":"https:\/\/infovera.com.ar\/web\/?p=37247"},"modified":"2022-08-01T14:21:23","modified_gmt":"2022-08-01T17:21:23","slug":"espeluzante-audio-de-uno-de-los-revoltosos-de-la-canada-quieren-que-entre-a-su-casa-y-les-rompa-todo","status":"publish","type":"post","link":"https:\/\/infovera.com.ar\/web\/2022\/07\/31\/espeluzante-audio-de-uno-de-los-revoltosos-de-la-canada-quieren-que-entre-a-su-casa-y-les-rompa-todo\/","title":{"rendered":"Espeluznante audio de uno de los revoltosos de La Ca\u00f1ada: &#8220;\u00bfQuieren que entre a su casa y les rompa todo?&#8221;"},"content":{"rendered":"<p><strong>Tras el enfretamiento a tiros en La Ca\u00f1ada entre los Aquino y los Chand\u00e1, se filtr\u00f3 un audio impactante donde uno de los involucrados inquiere a otros:<\/strong> &#8220;\u00bfQuieren que entre a su casa y les rompa todo? \u00bfEso quieren? No, no quieren eso as\u00ed que dejen de romper las bolas&#8221;.<\/p>\n<p>Luego, sin m\u00e1s, ejecuta disparos que ser\u00edan al aire, y exclama: &#8220;Ya los bali\u00e9 (sic) una vez&#8221;.<\/p>\n<p>La pelea dej\u00f3 tres heridos y dos aprehendidos que podr\u00edan ser indagados este lunes.<\/p>\n<p>Por el momento, la causa de instruye como Tentativa de Homicidio Calificada.<\/p>\n<div class=\"wp-playlist wp-audio-playlist wp-playlist-light\">\n\t\t\t<div class=\"wp-playlist-current-item\"><\/div>\n\t\t<audio controls=\"controls\" preload=\"none\" width=\"674\"\n\t\t\t><\/audio>\n\t<div class=\"wp-playlist-next\"><\/div>\n\t<div class=\"wp-playlist-prev\"><\/div>\n\t<noscript>\n\t<ol>\n\t\t<li><a href='https:\/\/infovera.com.ar\/web\/wp-content\/uploads\/2022\/07\/Audio-con-amenazas-y-tiros-en-La-Canada.ogg'>Audio con amenazas y tiros en La Ca\u00f1ada<\/a><\/li>\t<\/ol>\n\t<\/noscript>\n\t<script type=\"application\/json\" class=\"wp-playlist-script\">{\"type\":\"audio\",\"tracklist\":true,\"tracknumbers\":true,\"images\":true,\"artists\":true,\"tracks\":[{\"src\":\"https:\/\/infovera.com.ar\/web\/wp-content\/uploads\/2022\/07\/Audio-con-amenazas-y-tiros-en-La-Canada.ogg\",\"type\":\"audio\/ogg\",\"title\":\"Audio con amenazas y tiros en La Ca\\u00f1ada\",\"caption\":\"\",\"description\":\"\\\"Audio con amenazas y tiros en La Ca\\u00f1ada\\\".\",\"meta\":{\"length_formatted\":\"0:38\"},\"image\":{\"src\":\"https:\/\/infovera.com.ar\/web\/wp-includes\/images\/media\/audio.svg\",\"width\":48,\"height\":64},\"thumb\":{\"src\":\"https:\/\/infovera.com.ar\/web\/wp-includes\/images\/media\/audio.svg\",\"width\":48,\"height\":64}}]}<\/script>\n<\/div>\n\t\n","protected":false},"excerpt":{"rendered":"<p>Tras el enfretamiento a tiros en La Ca\u00f1ada entre los Aquino y los Chand\u00e1, se filtr\u00f3 un audio impactante donde uno de los involucrados inquiere a otros: &#8220;\u00bfQuieren que entre a su casa y les rompa todo? \u00bfEso quieren? No, no quieren eso as\u00ed que dejen de romper las bolas&#8221;. Luego, sin m\u00e1s, ejecuta disparos [&hellip;]<\/p>\n","protected":false},"author":3,"featured_media":37249,"comment_status":"closed","ping_status":"closed","sticky":false,"template":"","format":"standard","meta":{"_joinchat":[],"footnotes":""},"categories":[30,53],"tags":[],"class_list":{"0":"post-37247","1":"post","2":"type-post","3":"status-publish","4":"format-standard","5":"has-post-thumbnail","7":"category-policiales","8":"category-vera"},"_links":{"self":[{"href":"https:\/\/infovera.com.ar\/web\/wp-json\/wp\/v2\/posts\/37247","targetHints":{"allow":["GET"]}}],"collection":[{"href":"https:\/\/infovera.com.ar\/web\/wp-json\/wp\/v2\/posts"}],"about":[{"href":"https:\/\/infovera.com.ar\/web\/wp-json\/wp\/v2\/types\/post"}],"author":[{"embeddable":true,"href":"https:\/\/infovera.com.ar\/web\/wp-json\/wp\/v2\/users\/3"}],"replies":[{"embeddable":true,"href":"https:\/\/infovera.com.ar\/web\/wp-json\/wp\/v2\/comments?post=37247"}],"version-history":[{"count":0,"href":"https:\/\/infovera.com.ar\/web\/wp-json\/wp\/v2\/posts\/37247\/revisions"}],"wp:featuredmedia":[{"embeddable":true,"href":"https:\/\/infovera.com.ar\/web\/wp-json\/wp\/v2\/media\/37249"}],"wp:attachment":[{"href":"https:\/\/infovera.com.ar\/web\/wp-json\/wp\/v2\/media?parent=37247"}],"wp:term":[{"taxonomy":"category","embeddable":true,"href":"https:\/\/infovera.com.ar\/web\/wp-json\/wp\/v2\/categories?post=37247"},{"taxonomy":"post_tag","embeddable":true,"href":"https:\/\/infovera.com.ar\/web\/wp-json\/wp\/v2\/tags?post=37247"}],"curies":[{"name":"wp","href":"https:\/\/api.w.org\/{rel}","templated":true}]}}