{"id":37216,"date":"2022-07-30T10:41:58","date_gmt":"2022-07-30T13:41:58","guid":{"rendered":"https:\/\/infovera.com.ar\/web\/?p=37216"},"modified":"2022-07-30T10:41:58","modified_gmt":"2022-07-30T13:41:58","slug":"docentes-decretaron-un-paro-de-48-horas-para-la-semana-que-viene","status":"publish","type":"post","link":"https:\/\/infovera.com.ar\/web\/2022\/07\/30\/docentes-decretaron-un-paro-de-48-horas-para-la-semana-que-viene\/","title":{"rendered":"Docentes decretaron un paro de 48 horas para la semana que viene"},"content":{"rendered":"<p><strong>Los maestros le reclaman a la provincia la reapertura de las paritarias. Los docentes privados ya hab\u00eda decidido medidas de fuerza similares.<\/strong><\/p>\n<p>Los docentes de escuelas p\u00fablicas paran martes y mi\u00e9rcoles de la semana venidera y una semana m\u00e1s tarde cumplir\u00e1n otro paro por 48 horas.<\/p>\n<p>La asamblea provincial de\u00a0Amsaf\u00e9\u00a0decidi\u00f3 este viernes por amplia mayor\u00eda la realizaci\u00f3n de un\u00a0paro\u00a0por 48 horas para el martes y mi\u00e9rcoles\u00a0de la semana pr\u00f3xima (2 y 3 de agosto), al que se sumar\u00e1 una\u00a0medida similar para los d\u00edas 10 y 11 de agosto.<\/p>\n<p>La decisi\u00f3n responde a la negativa del gobierno provincial de no convocar nuevamente a paritarias en el marco del contexto inflacionario que afecta al pa\u00eds.<\/p>\n","protected":false},"excerpt":{"rendered":"<p>Los maestros le reclaman a la provincia la reapertura de las paritarias. Los docentes privados ya hab\u00eda decidido medidas de fuerza similares. Los docentes de escuelas p\u00fablicas paran martes y mi\u00e9rcoles de la semana venidera y una semana m\u00e1s tarde cumplir\u00e1n otro paro por 48 horas. La asamblea provincial de\u00a0Amsaf\u00e9\u00a0decidi\u00f3 este viernes por amplia mayor\u00eda [&hellip;]<\/p>\n","protected":false},"author":3,"featured_media":32606,"comment_status":"closed","ping_status":"closed","sticky":false,"template":"","format":"standard","meta":{"_joinchat":[],"footnotes":""},"categories":[27,66],"tags":[],"class_list":{"0":"post-37216","1":"post","2":"type-post","3":"status-publish","4":"format-standard","5":"has-post-thumbnail","7":"category-gremiales","8":"category-politica"},"_links":{"self":[{"href":"https:\/\/infovera.com.ar\/web\/wp-json\/wp\/v2\/posts\/37216","targetHints":{"allow":["GET"]}}],"collection":[{"href":"https:\/\/infovera.com.ar\/web\/wp-json\/wp\/v2\/posts"}],"about":[{"href":"https:\/\/infovera.com.ar\/web\/wp-json\/wp\/v2\/types\/post"}],"author":[{"embeddable":true,"href":"https:\/\/infovera.com.ar\/web\/wp-json\/wp\/v2\/users\/3"}],"replies":[{"embeddable":true,"href":"https:\/\/infovera.com.ar\/web\/wp-json\/wp\/v2\/comments?post=37216"}],"version-history":[{"count":0,"href":"https:\/\/infovera.com.ar\/web\/wp-json\/wp\/v2\/posts\/37216\/revisions"}],"wp:featuredmedia":[{"embeddable":true,"href":"https:\/\/infovera.com.ar\/web\/wp-json\/wp\/v2\/media\/32606"}],"wp:attachment":[{"href":"https:\/\/infovera.com.ar\/web\/wp-json\/wp\/v2\/media?parent=37216"}],"wp:term":[{"taxonomy":"category","embeddable":true,"href":"https:\/\/infovera.com.ar\/web\/wp-json\/wp\/v2\/categories?post=37216"},{"taxonomy":"post_tag","embeddable":true,"href":"https:\/\/infovera.com.ar\/web\/wp-json\/wp\/v2\/tags?post=37216"}],"curies":[{"name":"wp","href":"https:\/\/api.w.org\/{rel}","templated":true}]}}