{"id":37214,"date":"2022-07-30T10:36:00","date_gmt":"2022-07-30T13:36:00","guid":{"rendered":"https:\/\/infovera.com.ar\/web\/?p=37214"},"modified":"2022-07-30T10:36:00","modified_gmt":"2022-07-30T13:36:00","slug":"vicentin-confia-en-que-la-corte-le-devuelva-el-concurso-al-juez","status":"publish","type":"post","link":"https:\/\/infovera.com.ar\/web\/2022\/07\/30\/vicentin-confia-en-que-la-corte-le-devuelva-el-concurso-al-juez\/","title":{"rendered":"Vicentin conf\u00eda en que la Corte le devuelva el concurso al juez"},"content":{"rendered":"<p><strong>Estanislao Bougain, director independiente, se\u00f1al\u00f3 que no hay nadie m\u00e1s que los inversores estrat\u00e9gicos con capacidad para invertir US$500 millones pagar a los acreedores, sostener las plantas activas y mantener trabajo y salarios.<\/strong><\/p>\n<p>&#8220;En este momento Vicentin est\u00e1 operando a plena marcha. Todas las plantas est\u00e1n funcionando y los trabajadores en sus puestos, percibiendo sus salarios, recibiendo las cargas sociales&#8221;, explic\u00f3 Estanislao Bougain.<\/p>\n<p>&#8220;Si por un camino irrazonable llegamos al cramdown, si este fuera el caso, la situaci\u00f3n va a cambiar dr\u00e1sticamente&#8221;. P\u00e9rdidas de capital de trabajo y ca\u00edda de salarios es lo que el director independiente en Vicentin, Estanislao Bougain, augura para el futuro de la empresa si el concurso de acreedores no alcanza la homologaci\u00f3n del acuerdo alcanzado.<\/p>\n<p>Este martes o el otro -seg\u00fan trascendi\u00f3- la Corte santafesina podr\u00eda tratar si se &#8220;avoca&#8221; en el expediente que lleva adelante el juez civil de Reconquista, Fabi\u00e1n Lorenzini. A instancias de un grupo minoritario de acreedores que no consinti\u00f3 el acuerdo concursal, el presidente de la Corte, Rafael Guti\u00e9rrez, pidi\u00f3 el expediente para revisar eventuales irregularidades.<\/p>\n<p>&#8220;Confiamos que habr\u00e1 criterio jur\u00eddico; esperamos que la Corte resuelva pronto&#8221;, devolviendo el expediente al juez de primera instancia. &#8220;Es lo que nos va a permitir empezar a pagar; tenemos todo dispuestos y cuanto antes ocurra, mejor&#8221;, dijo el abogado en di\u00e1logo con El Litoral.<\/p>\n<p>&#8220;Todas las conformidades est\u00e1n presentadas en el expediente. Tenemos la doble mayor\u00eda de personas y capital y esperamos confiados&#8221;, insisti\u00f3 el directivo, en referencia a las exigencias de la ley de Quiebras para que la oferta concursal sea aprobada.<\/p>\n<p>&#8220;En este momento Vicentin est\u00e1 operando a plena marcha. Todas las plantas est\u00e1n funcionando y los trabajadores en sus puestos, percibiendo sus salarios, recibiendo las cargas sociales. El conjunto est\u00e1 funcionando a pleno, normalmente, no veo que vaya a pasar nada para que eso cambie. Salvo que no vayamos a la homologaci\u00f3n&#8221;, explic\u00f3.<br \/>\nBougain advirti\u00f3 que &#8220;no hay ganadores en el cramdown. Va a ser un desastre para todo el mundo. Es importante entender que para que el cramdown funcione, har\u00eda falta que alguien garantice m\u00ednimamente US$500 millones anuales de capital de trabajo.. Hace un a\u00f1o eran US$300; el aumento es por el incremento de los commodities.<\/p>\n<p>&#8220;Eso -a\u00f1adi\u00f3- y que alguien garantice que los acreedores van a cobrar algo. No hay en el mercado nacional e internacional un actor que venga a la Argentina con tal inversi\u00f3n. No hay quien pueda tomar posesi\u00f3n de Vicentin, de no ser los acreedores estrat\u00e9gicos que han firmado contratos con nosotros&#8221;, sostuvo en referencia a Viterra, Molinos y Bunge.<br \/>\nConsultado si esos mismos inversores podr\u00edan participar de un cramdown, se\u00f1al\u00f3 que &#8220;no lo har\u00e1n, lo han dicho ellos. Habr\u00eda que preguntarles de vuelta. Pero adem\u00e1s han dicho que los contratos a fas\u00f3n que sostienen a la empresa, se van a terminar inmediatamente&#8221;.<\/p>\n<p><strong>\u00bfHubo ventas ilegales?<\/strong><\/p>\n<p>Consultado si Vicentin vendi\u00f3 activos &#8220;inhibidos&#8221; en el marco de expedientes penales que tramitan en Rosario, y que justificar\u00eda el avocamiento de la Corte, Bougain dijo que &#8220;ah\u00ed se ha creado una confusi\u00f3n que s\u00f3lo se concibe en quienes est\u00e1n fuera del expediente.<br \/>\n&#8220;Jueces, s\u00edndicos, los mismos acreedores saben con claridad que no hemos vendido nada.<\/p>\n<p>Lo que hicimos y que era imperativo hacer es firmar contratos sujetos a la condici\u00f3n suspensiva de que los jueces lo permitan. Entonces, esos contratos, cuando tengan efecto, van a producir la venta de Renova. Hoy no tienen efecto; el 33% de Renova sigue en el patrimonio de Vicentin y as\u00ed seguir\u00e1 hasta que los jueces decidan&#8221;.<\/p>\n<p>Record\u00f3 que &#8220;Vicentin va a desinvertir en Renova, que es una sociedad en la que tiene acciones. Vendiendo eso va a pagar las cuotas 1 y 2 a los acreedores; con el resto de los aportes de inversores estrat\u00e9gicos va a pagar gastos de justicia y algunas inversiones para modernizar alguna planta. Y la compa\u00f1\u00eda va a operar regularmente durante 12 a\u00f1os para pagar el \u00faltimo tramo de su deuda.<\/p>\n<p>&#8220;La nueva compa\u00f1\u00eda -de homologarse el acuerdo concursal- va a estar administrada por 3 directores 100 % independientes. La semilla, la compra, la venta, no queda en manos de Vicentin sino de cada uno de los socios estrat\u00e9gicos. Va a ser una compa\u00f1\u00eda sin riesgo comercial: no va a ganar ni perder plata. Prestar\u00e1 servicios de fas\u00f3n para los estrat\u00e9gicos&#8221;, concluy\u00f3<\/p>\n<p><strong>\u00bfQu\u00e9 es?<\/strong><\/p>\n<p>El denominado &#8220;cramdown&#8221; es el \u00faltimo intento de salvataje a una empresa, previsto en la ley de Quiebras. Vencido el &#8220;per\u00edodo de exclusividad&#8221; sin que el deudor hubiera obtenido las conformidades requeridas por la ley, el juez del concurso abre un registro en el que cooperativa de trabajadores, acreedores o terceros formulen una propuesta de rescate que evite la quiebra.<\/p>\n<p><strong>La situaci\u00f3n del Banco Naci\u00f3n<\/strong><\/p>\n<p>Bougain aclar\u00f3 que el Banco Naci\u00f3n no puede por s\u00ed solo trabar la homologaci\u00f3n eventual del acuerdo de acreedores, que ya tiene los consentimientos m\u00ednimos requeridos por la ley: dos tercios del capital y la mitad m\u00e1s uno de la c\u00e1pita.<br \/>\n&#8220;El Banco Naci\u00f3n tiene US$70 millones de d\u00f3lares de cr\u00e9dito com\u00fan (quirografario) como tienen los dem\u00e1s dentro del concurso, y US$225 millones de d\u00f3lares privilegiados, que no entran en el concurso. All\u00ed la situaci\u00f3n es bilateral Vicentin-Banco Naci\u00f3n.<\/p>\n<p>&#8220;A eso -dijo- hay que atender y dar soluci\u00f3n despu\u00e9s de la homologaci\u00f3n del concurso, Queda pendiente de soluci\u00f3n y hay que encararlo inmediatamente despu\u00e9s de la homologaci\u00f3n del concurso&#8221;.<\/p>\n<p>En cuanto a la suerte de la Algodonera Avellaneda, el director expuso que &#8220;no es parte de Vicent\u00edn ni est\u00e1 en el concurso preventivo. No es parte de la empresa concursada y no tiene relaci\u00f3n jur\u00eddica. Yo trabaj\u00e9 exclusivamente para Vicentin&#8221;.<br \/>\nJuicio pol\u00edtico<\/p>\n<p>&#8220;Es un supuesto te\u00f3rico sobre el que no me puedo pronunciar&#8221;, dijo Bougain sobre el pedido de juicio pol\u00edtico a Lorenzini. Fue planteado por Gustavo Feldman, representante del Grupo Grassi, un acreedor contrario a la oferta de pago de Vicentin. &#8220;Es raro que el enjuiciamiento se pida en el momento decisivo de la homologaci\u00f3n y coincide con circunstancias que han pasado atentando en las \u00faltimas semanas, atentando contra la resoluci\u00f3n del concurso&#8221;.<\/p>\n<p><strong>Empresa estatal<\/strong><\/p>\n<p>&#8220;No creo que sea posible. Hay una cierta ambig\u00fcedad en las declaraciones del presidente; es una declaraci\u00f3n de deseos. Hay que poner US$500 millones y pagar a los acreedores. No creo que haya un plan oficial para hacer de Vicentin una empresa nacional. Hay generalidades; el presidente del Banco Naci\u00f3n ha dicho que le interesar\u00eda pero no va a poner la plata. Son manifestaciones que respeto, pero son expresiones generales. Lo que hay en el expediente es una propuesta concreta, tangible, real, garantizada por los inversores estrat\u00e9gicos. Es indubitable que eso se cumpla&#8221;.<\/p>\n<p>Fuente: El Litoral<\/p>\n","protected":false},"excerpt":{"rendered":"<p>Estanislao Bougain, director independiente, se\u00f1al\u00f3 que no hay nadie m\u00e1s que los inversores estrat\u00e9gicos con capacidad para invertir US$500 millones pagar a los acreedores, sostener las plantas activas y mantener trabajo y salarios. &#8220;En este momento Vicentin est\u00e1 operando a plena marcha. Todas las plantas est\u00e1n funcionando y los trabajadores en sus puestos, percibiendo sus [&hellip;]<\/p>\n","protected":false},"author":3,"featured_media":28790,"comment_status":"closed","ping_status":"closed","sticky":false,"template":"","format":"standard","meta":{"_joinchat":[],"footnotes":""},"categories":[55],"tags":[],"class_list":{"0":"post-37214","1":"post","2":"type-post","3":"status-publish","4":"format-standard","5":"has-post-thumbnail","7":"category-reconquista"},"_links":{"self":[{"href":"https:\/\/infovera.com.ar\/web\/wp-json\/wp\/v2\/posts\/37214","targetHints":{"allow":["GET"]}}],"collection":[{"href":"https:\/\/infovera.com.ar\/web\/wp-json\/wp\/v2\/posts"}],"about":[{"href":"https:\/\/infovera.com.ar\/web\/wp-json\/wp\/v2\/types\/post"}],"author":[{"embeddable":true,"href":"https:\/\/infovera.com.ar\/web\/wp-json\/wp\/v2\/users\/3"}],"replies":[{"embeddable":true,"href":"https:\/\/infovera.com.ar\/web\/wp-json\/wp\/v2\/comments?post=37214"}],"version-history":[{"count":0,"href":"https:\/\/infovera.com.ar\/web\/wp-json\/wp\/v2\/posts\/37214\/revisions"}],"wp:featuredmedia":[{"embeddable":true,"href":"https:\/\/infovera.com.ar\/web\/wp-json\/wp\/v2\/media\/28790"}],"wp:attachment":[{"href":"https:\/\/infovera.com.ar\/web\/wp-json\/wp\/v2\/media?parent=37214"}],"wp:term":[{"taxonomy":"category","embeddable":true,"href":"https:\/\/infovera.com.ar\/web\/wp-json\/wp\/v2\/categories?post=37214"},{"taxonomy":"post_tag","embeddable":true,"href":"https:\/\/infovera.com.ar\/web\/wp-json\/wp\/v2\/tags?post=37214"}],"curies":[{"name":"wp","href":"https:\/\/api.w.org\/{rel}","templated":true}]}}