{"id":37207,"date":"2022-07-29T19:15:48","date_gmt":"2022-07-29T22:15:48","guid":{"rendered":"https:\/\/infovera.com.ar\/web\/?p=37207"},"modified":"2022-07-31T15:05:27","modified_gmt":"2022-07-31T18:05:27","slug":"cumplio-25-anos-la-unidad-penitenciaria-de-santa-felicia","status":"publish","type":"post","link":"https:\/\/infovera.com.ar\/web\/2022\/07\/29\/cumplio-25-anos-la-unidad-penitenciaria-de-santa-felicia\/","title":{"rendered":"Cumpli\u00f3 25 a\u00f1os la Unidad Penitenciaria de Santa Felicia"},"content":{"rendered":"<p><strong>Una c\u00e1rcel de r\u00e9gimen semiabierto, modelo en su tipo donde los internos estudian, trabajan y producen.<\/strong><\/p>\n<p>El acto oficial fue presidido por el secretario de Asuntos Penitenciarios, Dr. Walter G\u00e1lvez, acompa\u00f1ado por el director de la UP 10 Alcaide Adri\u00e1n Ort\u00edz, sumada la presencia de la intendente de Vera, Paula Mitre, miembros del Concejo Municipal de Vera, integrantes del Poder Judicial, directores de las fuerzas de seguridad \u2013Unidad Regional XIX y Direcci\u00f3n de Seguridad \u201cLos Pumas\u201d- y la Direcci\u00f3n General de Bomberos de Vera, exdirectores de la instituci\u00f3n y la participaci\u00f3n de la Banda de la III Brigada A\u00e9rea de Reconquista.<\/p>\n<p>Su estructura original fueron edificios que pertenecieron a La Forestal Argentina, que en el a\u00f1o 1915 comenz\u00f3 a explotar la extracci\u00f3n del tanino producido por el quebracho colorado, el \u00e1rbol m\u00e1s aut\u00f3ctono de la Cu\u00f1a Boscosa.<\/p>\n<p>Cuando la empresa dej\u00f3 de funcionar sus instalaciones sirvieron de albergue para un hogar de ni\u00f1os hu\u00e9rfanos y a\u00f1os despu\u00e9s ser\u00eda el turno de la Escuela de Suboficiales y Agentes de la Polic\u00eda de la Provincia de Santa Fe para finalmente convertirse en esta unidad penal con un valor hist\u00f3rico de importancia.<\/p>\n<p>Creada por Decreto N\u00ba 1084, del 223 de Julio de 1997, durante la gesti\u00f3n del gobernador Jorge Obeid y del Ministro de Gobierno, Justicia y Culto Dr. Roberto Arnaldo Ros\u00faa.<\/p>\n<p>Entre las premisas de esa norma fue \u201casegurar la infraestructura funcional, tendiendo al desarrollo de un proceso educativo, reeducativo y reflexivo profundo e integral de los detenidos y su reinserci\u00f3n social\u201d.<\/p>\n<p>Su dotaci\u00f3n inicial estuvo integrada por 39 suboficiales con el grado de Subayte; 2 oficiales pertenecientes al escalaf\u00f3n de Sanidad y 13 internos procedentes de la U 1 Coronda, m\u00e1s tres oficiales procedentes de otras unidades, siendo su primer director el Subprefecto Eduardo Augusto Leclerc.<\/p>\n<p>Desde su creaci\u00f3n, a la fecha y ante la demanda de plazas existentes tuvo un crecimiento notable en su infraestructura edilicia, planta funcional y de servicios.<\/p>\n<p>Actualmente cuenta con una poblaci\u00f3n carcelaria de entre 320 a 330 internos que no solo cumplen su condena sino que en el marco de las normativas establecidas desarrollan funciones de servicio, tienen una formaci\u00f3n educativa a trav\u00e9s del PAEBA Nivel Primario, Anexo del EEMPA nivel secundario y CECLA N\u00ba 6640, favoreciendo el desarrollo y adquisici\u00f3n de habilidades para una adecuada reinserci\u00f3n social y laboral.<\/p>\n<p>Hubo descubrimiento de placas y reconocimiento al personal que pas\u00f3 la unidad a lo largo de estos 25 a\u00f1os.<\/p>\n<p>En representaci\u00f3n del personal, la Ayte. Ppal. Emilce Bressanelli, expres\u00f3 que \u201cen esta ocasi\u00f3n todos hacemos una mirada retrospectiva para observar con sabidur\u00eda su historia y reconocer lo que es perdurable y debe conservarse con esmero\u201d.<\/p>\n<p>Finalmente, el secretario de Asuntos Penitenciarios, Walter G\u00e1lvez, remarc\u00f3 el perfil que tienen esta unidad en cuanto a las caracter\u00edsticas de los internos como tambi\u00e9n del personal que est\u00e1 a cargo\u201d.<\/p>\n<p>La identific\u00f3 como \u201cun lugar especial, en un ambiente muy particular y con una realidad muy diferente al resto\u201d.<\/p>\n<p>Tambi\u00e9n hizo menci\u00f3n a \u201cla decisi\u00f3n del gobernador Omar Perotti de ampliar la capacidad de esta unidad, adem\u00e1s de otras inversiones como la nueva unidad de traslado que se recibi\u00f3 hace pocos d\u00edas\u201d.<\/p>\n<p>Vale mencionar que este aniversario fue \u201cdeclarado de Inter\u00e9s\u201d por la C\u00e1mara de Senadores y la C\u00e1mara de Diputados de la Provincia de Santa Fe, como as\u00ed tambi\u00e9n cont\u00f3 con la adhesi\u00f3n del Concejo Municipal de la ciudad de Vera.<\/p>\n<p>Al margen de la ceremonia, el director del Penal, Alcaide Adri\u00e1n Ort\u00edz, destac\u00f3 el trabajo de todo el personal que a lo largo de estos 25 a\u00f1os han logrado construir el presente de una unidad con identidad propia y en plena etapa de crecimiento, dado que se proyecta aumentar su capacidad y ampliar el \u00e1mbito de la cocina\u201d.<\/p>\n<p>&nbsp;<\/p>\n<p><em><strong>Letyana Press<\/strong><\/em><\/p>\n","protected":false},"excerpt":{"rendered":"<p>Una c\u00e1rcel de r\u00e9gimen semiabierto, modelo en su tipo donde los internos estudian, trabajan y producen. El acto oficial fue presidido por el secretario de Asuntos Penitenciarios, Dr. Walter G\u00e1lvez, acompa\u00f1ado por el director de la UP 10 Alcaide Adri\u00e1n Ort\u00edz, sumada la presencia de la intendente de Vera, Paula Mitre, miembros del Concejo Municipal [&hellip;]<\/p>\n","protected":false},"author":3,"featured_media":37208,"comment_status":"closed","ping_status":"closed","sticky":false,"template":"","format":"standard","meta":{"_joinchat":[],"footnotes":""},"categories":[53],"tags":[],"class_list":{"0":"post-37207","1":"post","2":"type-post","3":"status-publish","4":"format-standard","5":"has-post-thumbnail","7":"category-vera"},"_links":{"self":[{"href":"https:\/\/infovera.com.ar\/web\/wp-json\/wp\/v2\/posts\/37207","targetHints":{"allow":["GET"]}}],"collection":[{"href":"https:\/\/infovera.com.ar\/web\/wp-json\/wp\/v2\/posts"}],"about":[{"href":"https:\/\/infovera.com.ar\/web\/wp-json\/wp\/v2\/types\/post"}],"author":[{"embeddable":true,"href":"https:\/\/infovera.com.ar\/web\/wp-json\/wp\/v2\/users\/3"}],"replies":[{"embeddable":true,"href":"https:\/\/infovera.com.ar\/web\/wp-json\/wp\/v2\/comments?post=37207"}],"version-history":[{"count":0,"href":"https:\/\/infovera.com.ar\/web\/wp-json\/wp\/v2\/posts\/37207\/revisions"}],"wp:featuredmedia":[{"embeddable":true,"href":"https:\/\/infovera.com.ar\/web\/wp-json\/wp\/v2\/media\/37208"}],"wp:attachment":[{"href":"https:\/\/infovera.com.ar\/web\/wp-json\/wp\/v2\/media?parent=37207"}],"wp:term":[{"taxonomy":"category","embeddable":true,"href":"https:\/\/infovera.com.ar\/web\/wp-json\/wp\/v2\/categories?post=37207"},{"taxonomy":"post_tag","embeddable":true,"href":"https:\/\/infovera.com.ar\/web\/wp-json\/wp\/v2\/tags?post=37207"}],"curies":[{"name":"wp","href":"https:\/\/api.w.org\/{rel}","templated":true}]}}