{"id":37201,"date":"2022-07-29T12:42:39","date_gmt":"2022-07-29T15:42:39","guid":{"rendered":"https:\/\/infovera.com.ar\/web\/?p=37201"},"modified":"2022-07-30T17:18:17","modified_gmt":"2022-07-30T20:18:17","slug":"sosa-anuncio-el-festejo-de-dia-de-las-infancias","status":"publish","type":"post","link":"https:\/\/infovera.com.ar\/web\/2022\/07\/29\/sosa-anuncio-el-festejo-de-dia-de-las-infancias\/","title":{"rendered":"Sosa anunci\u00f3 el festejo de D\u00eda de las Infancias"},"content":{"rendered":"<p><strong>Tendr\u00e1 lugar en el predio del Ferrocarril, a las 15 del pr\u00f3ximo 7 de agosto.<\/strong><\/p>\n<p>Habr\u00e1 juegos, sorpresas y merienda compartida.<\/p>\n<p>Organiza: senador Osvaldo Sosa.<\/p>\n<p>&nbsp;<\/p>\n","protected":false},"excerpt":{"rendered":"<p>Tendr\u00e1 lugar en el predio del Ferrocarril, a las 15 del pr\u00f3ximo 7 de agosto. Habr\u00e1 juegos, sorpresas y merienda compartida. Organiza: senador Osvaldo Sosa. &nbsp;<\/p>\n","protected":false},"author":3,"featured_media":37202,"comment_status":"closed","ping_status":"closed","sticky":false,"template":"","format":"standard","meta":{"_joinchat":[],"footnotes":""},"categories":[53],"tags":[],"class_list":{"0":"post-37201","1":"post","2":"type-post","3":"status-publish","4":"format-standard","5":"has-post-thumbnail","7":"category-vera"},"_links":{"self":[{"href":"https:\/\/infovera.com.ar\/web\/wp-json\/wp\/v2\/posts\/37201","targetHints":{"allow":["GET"]}}],"collection":[{"href":"https:\/\/infovera.com.ar\/web\/wp-json\/wp\/v2\/posts"}],"about":[{"href":"https:\/\/infovera.com.ar\/web\/wp-json\/wp\/v2\/types\/post"}],"author":[{"embeddable":true,"href":"https:\/\/infovera.com.ar\/web\/wp-json\/wp\/v2\/users\/3"}],"replies":[{"embeddable":true,"href":"https:\/\/infovera.com.ar\/web\/wp-json\/wp\/v2\/comments?post=37201"}],"version-history":[{"count":0,"href":"https:\/\/infovera.com.ar\/web\/wp-json\/wp\/v2\/posts\/37201\/revisions"}],"wp:featuredmedia":[{"embeddable":true,"href":"https:\/\/infovera.com.ar\/web\/wp-json\/wp\/v2\/media\/37202"}],"wp:attachment":[{"href":"https:\/\/infovera.com.ar\/web\/wp-json\/wp\/v2\/media?parent=37201"}],"wp:term":[{"taxonomy":"category","embeddable":true,"href":"https:\/\/infovera.com.ar\/web\/wp-json\/wp\/v2\/categories?post=37201"},{"taxonomy":"post_tag","embeddable":true,"href":"https:\/\/infovera.com.ar\/web\/wp-json\/wp\/v2\/tags?post=37201"}],"curies":[{"name":"wp","href":"https:\/\/api.w.org\/{rel}","templated":true}]}}