{"id":37193,"date":"2022-07-29T12:35:36","date_gmt":"2022-07-29T15:35:36","guid":{"rendered":"https:\/\/infovera.com.ar\/web\/?p=37193"},"modified":"2022-07-30T10:50:34","modified_gmt":"2022-07-30T13:50:34","slug":"mitre-entrego-fondos-a-escuelas-de-vera","status":"publish","type":"post","link":"https:\/\/infovera.com.ar\/web\/2022\/07\/29\/mitre-entrego-fondos-a-escuelas-de-vera\/","title":{"rendered":"Mitre entreg\u00f3 fondos a escuelas de Vera"},"content":{"rendered":"<p><strong>La intendente Paula Mitre entreg\u00f3 aportes por m\u00e1s de $ 3.000.000 del Fondo de Asistencia Educativa a escuelas de la ciudad y la zona rural.<\/strong><\/p>\n<p>Al respecto, la mandatario expres\u00f3: \u201cEsta es la primera entrega que hacemos a las instituciones educativas de la ciudad y tambi\u00e9n del distrito, antes de finalizar el a\u00f1o habr\u00e1 una segunda entrega. Creo firmemente que apoyar a la educaci\u00f3n es al mismo tiempo promover al bienestar general, ya que se aportan cimientos para el desarrollo local, tambi\u00e9n estos aportes que se destinan al mejoramiento edilicio contribuyen a la generaci\u00f3n de ocupaci\u00f3n laboral&#8221;.<\/p>\n","protected":false},"excerpt":{"rendered":"<p>La intendente Paula Mitre entreg\u00f3 aportes por m\u00e1s de $ 3.000.000 del Fondo de Asistencia Educativa a escuelas de la ciudad y la zona rural. Al respecto, la mandatario expres\u00f3: \u201cEsta es la primera entrega que hacemos a las instituciones educativas de la ciudad y tambi\u00e9n del distrito, antes de finalizar el a\u00f1o habr\u00e1 una [&hellip;]<\/p>\n","protected":false},"author":3,"featured_media":37194,"comment_status":"closed","ping_status":"closed","sticky":false,"template":"","format":"standard","meta":{"_joinchat":[],"footnotes":""},"categories":[53],"tags":[],"class_list":{"0":"post-37193","1":"post","2":"type-post","3":"status-publish","4":"format-standard","5":"has-post-thumbnail","7":"category-vera"},"_links":{"self":[{"href":"https:\/\/infovera.com.ar\/web\/wp-json\/wp\/v2\/posts\/37193","targetHints":{"allow":["GET"]}}],"collection":[{"href":"https:\/\/infovera.com.ar\/web\/wp-json\/wp\/v2\/posts"}],"about":[{"href":"https:\/\/infovera.com.ar\/web\/wp-json\/wp\/v2\/types\/post"}],"author":[{"embeddable":true,"href":"https:\/\/infovera.com.ar\/web\/wp-json\/wp\/v2\/users\/3"}],"replies":[{"embeddable":true,"href":"https:\/\/infovera.com.ar\/web\/wp-json\/wp\/v2\/comments?post=37193"}],"version-history":[{"count":0,"href":"https:\/\/infovera.com.ar\/web\/wp-json\/wp\/v2\/posts\/37193\/revisions"}],"wp:featuredmedia":[{"embeddable":true,"href":"https:\/\/infovera.com.ar\/web\/wp-json\/wp\/v2\/media\/37194"}],"wp:attachment":[{"href":"https:\/\/infovera.com.ar\/web\/wp-json\/wp\/v2\/media?parent=37193"}],"wp:term":[{"taxonomy":"category","embeddable":true,"href":"https:\/\/infovera.com.ar\/web\/wp-json\/wp\/v2\/categories?post=37193"},{"taxonomy":"post_tag","embeddable":true,"href":"https:\/\/infovera.com.ar\/web\/wp-json\/wp\/v2\/tags?post=37193"}],"curies":[{"name":"wp","href":"https:\/\/api.w.org\/{rel}","templated":true}]}}