{"id":37191,"date":"2022-07-29T12:36:02","date_gmt":"2022-07-29T15:36:02","guid":{"rendered":"https:\/\/infovera.com.ar\/web\/?p=37191"},"modified":"2022-07-30T14:08:32","modified_gmt":"2022-07-30T17:08:32","slug":"concejal-denuncio-que-el-municipio-incumple-la-ordenanza-de-becas-para-alumnos-verenses","status":"publish","type":"post","link":"https:\/\/infovera.com.ar\/web\/2022\/07\/29\/concejal-denuncio-que-el-municipio-incumple-la-ordenanza-de-becas-para-alumnos-verenses\/","title":{"rendered":"Concejal denunci\u00f3 que el municipio incumple la ordenanza de becas para alumnos verenses"},"content":{"rendered":"<p><strong>El edil Facundo Ferraris advirti\u00f3 que se perjudica a los alumnos de Vera.<\/strong><\/p>\n<p>El integrante de la bancada de la UCR en el Concejo Municipal de Vera expuso hoy que l gobierno municipal no cumple con lo normado por la ordenanza de becas universitarias (2005\/21) que fue aprobada el 30\/11\/21.<\/p>\n<p>&#8220;Si uno est\u00e1 en una competencia estar\u00eda bueno saberlo, saber sus reglas para competir mejor&#8221;, ironiz\u00f3 Ferraris, y a continuaci\u00f3n expres\u00f3: &#8220;Te presento la ordenanza. Leela por favor y vas a ver que si estuvi\u00e9ramos frente a un municipio interesado en el di\u00e1logo, pluralista y con prepotencia de trabajo, todos los chicos y chicas de 5to. A\u00f1o de la promo 2022 de Vera <strong>deber\u00edan saber que en octubre de este a\u00f1o van a concursar por una beca completa para estudiar una carrera de grado<\/strong> en la Universidad Nacional del Litoral o en la Universidad Nacional de Rosario&#8221;.<\/p>\n<p>Al respecto, se\u00f1al\u00f3 que &#8220;nada de esto se cumple, de alg\u00fan modo se les niega a los j\u00f3venes su derecho, a pesar de las muchas veces que lo mencion\u00e9 oportunamente. Nadie puede estar por encima de la ley (Art. 15), nadie, y m\u00e1s a\u00fan cuando de fomentar educaci\u00f3n se trate&#8221;.<\/p>\n<p>Para ilustrar sus declaraciones, comparti\u00f3 una copia de la ordenanza referida:<\/p>\n<div id='gallery-1' class='gallery galleryid-37191 gallery-columns-3 gallery-size-thumbnail'><figure class='gallery-item'>\n\t\t\t<div class='gallery-icon portrait'>\n\t\t\t\t<a href='https:\/\/infovera.com.ar\/web\/2022\/07\/29\/concejal-denuncio-que-el-municipio-incumple-la-ordenanza-de-becas-para-alumnos-verenses\/ord-2\/'><img loading=\"lazy\" decoding=\"async\" width=\"150\" height=\"150\" src=\"https:\/\/infovera.com.ar\/web\/wp-content\/uploads\/2022\/07\/ord-2-150x150.jpg\" class=\"attachment-thumbnail size-thumbnail\" alt=\"\" \/><\/a>\n\t\t\t<\/div><\/figure><figure class='gallery-item'>\n\t\t\t<div class='gallery-icon portrait'>\n\t\t\t\t<a href='https:\/\/infovera.com.ar\/web\/2022\/07\/29\/concejal-denuncio-que-el-municipio-incumple-la-ordenanza-de-becas-para-alumnos-verenses\/ord\/'><img loading=\"lazy\" decoding=\"async\" width=\"150\" height=\"150\" src=\"https:\/\/infovera.com.ar\/web\/wp-content\/uploads\/2022\/07\/ord-150x150.jpg\" class=\"attachment-thumbnail size-thumbnail\" alt=\"\" \/><\/a>\n\t\t\t<\/div><\/figure>\n\t\t<\/div>\n\n<p>&nbsp;<\/p>\n","protected":false},"excerpt":{"rendered":"<p>El edil Facundo Ferraris advirti\u00f3 que se perjudica a los alumnos de Vera. El integrante de la bancada de la UCR en el Concejo Municipal de Vera expuso hoy que l gobierno municipal no cumple con lo normado por la ordenanza de becas universitarias (2005\/21) que fue aprobada el 30\/11\/21. &#8220;Si uno est\u00e1 en una [&hellip;]<\/p>\n","protected":false},"author":3,"featured_media":37192,"comment_status":"closed","ping_status":"closed","sticky":false,"template":"","format":"standard","meta":{"_joinchat":[],"footnotes":""},"categories":[53],"tags":[],"class_list":{"0":"post-37191","1":"post","2":"type-post","3":"status-publish","4":"format-standard","5":"has-post-thumbnail","7":"category-vera"},"_links":{"self":[{"href":"https:\/\/infovera.com.ar\/web\/wp-json\/wp\/v2\/posts\/37191","targetHints":{"allow":["GET"]}}],"collection":[{"href":"https:\/\/infovera.com.ar\/web\/wp-json\/wp\/v2\/posts"}],"about":[{"href":"https:\/\/infovera.com.ar\/web\/wp-json\/wp\/v2\/types\/post"}],"author":[{"embeddable":true,"href":"https:\/\/infovera.com.ar\/web\/wp-json\/wp\/v2\/users\/3"}],"replies":[{"embeddable":true,"href":"https:\/\/infovera.com.ar\/web\/wp-json\/wp\/v2\/comments?post=37191"}],"version-history":[{"count":0,"href":"https:\/\/infovera.com.ar\/web\/wp-json\/wp\/v2\/posts\/37191\/revisions"}],"wp:featuredmedia":[{"embeddable":true,"href":"https:\/\/infovera.com.ar\/web\/wp-json\/wp\/v2\/media\/37192"}],"wp:attachment":[{"href":"https:\/\/infovera.com.ar\/web\/wp-json\/wp\/v2\/media?parent=37191"}],"wp:term":[{"taxonomy":"category","embeddable":true,"href":"https:\/\/infovera.com.ar\/web\/wp-json\/wp\/v2\/categories?post=37191"},{"taxonomy":"post_tag","embeddable":true,"href":"https:\/\/infovera.com.ar\/web\/wp-json\/wp\/v2\/tags?post=37191"}],"curies":[{"name":"wp","href":"https:\/\/api.w.org\/{rel}","templated":true}]}}