{"id":37181,"date":"2022-07-28T18:31:45","date_gmt":"2022-07-28T21:31:45","guid":{"rendered":"https:\/\/infovera.com.ar\/web\/?p=37181"},"modified":"2022-07-28T18:31:45","modified_gmt":"2022-07-28T21:31:45","slug":"se-realizo-el-sorteo-entre-las-agrupaciones-politicas-que-participaran-de-las-elecciones-primarias-en-avellaneda","status":"publish","type":"post","link":"https:\/\/infovera.com.ar\/web\/2022\/07\/28\/se-realizo-el-sorteo-entre-las-agrupaciones-politicas-que-participaran-de-las-elecciones-primarias-en-avellaneda\/","title":{"rendered":"Se realiz\u00f3 el sorteo entre las agrupaciones pol\u00edticas que participar\u00e1n de las elecciones primarias en Avellaneda"},"content":{"rendered":"<p><strong>Fue este jueves, en la sede de Loter\u00eda de Santa Fe, con vistas a los comicios que se llevar\u00e1n a cabo el pr\u00f3ximo 28 de agosto en esa ciudad del departamento General Obligado y en el marco en el marco de la ley que regula la utilizaci\u00f3n de los espacios de publicidad en los medios masivos de difusi\u00f3n.<\/strong><\/p>\n<p>La Secretar\u00eda Electoral de la provincia, junto a la Secretar\u00eda de Comunicaci\u00f3n Social realiz\u00f3 este jueves en la ciudad capital el sorteo entre las agrupaciones pol\u00edticas que participar\u00e1n de las Primarias, Abiertas, Simult\u00e1neas y Obligatorias (Paso) el pr\u00f3ximo 28 de agosto en la ciudad de Avellaneda, departamento General Obligado, en el marco de la ley 13.461 que regula la utilizaci\u00f3n de los espacios de publicidad en los medios masivos de difusi\u00f3n. La actividad se llev\u00f3 a cabo en la sala de la Loter\u00eda de la provincia.En la oportunidad, se sorte\u00f3 la ubicaci\u00f3n de los medios; luego las franjas horarias a ocupar; y, finalmente, se procedi\u00f3 a la asignaci\u00f3n de los espacios que les corresponder\u00e1n a cada agrupaci\u00f3n pol\u00edtica participante de los comicios.<\/p>\n<p>Del acto participaron el secretario electoral de la provincia, Pablo Ayala; el escribano de Loter\u00eda de Santa Fe, Oscar Alberto Barroso; y dem\u00e1s autoridades.<\/p>\n","protected":false},"excerpt":{"rendered":"<p>Fue este jueves, en la sede de Loter\u00eda de Santa Fe, con vistas a los comicios que se llevar\u00e1n a cabo el pr\u00f3ximo 28 de agosto en esa ciudad del departamento General Obligado y en el marco en el marco de la ley que regula la utilizaci\u00f3n de los espacios de publicidad en los medios [&hellip;]<\/p>\n","protected":false},"author":3,"featured_media":37182,"comment_status":"closed","ping_status":"closed","sticky":false,"template":"","format":"standard","meta":{"_joinchat":[],"footnotes":""},"categories":[55],"tags":[],"class_list":{"0":"post-37181","1":"post","2":"type-post","3":"status-publish","4":"format-standard","5":"has-post-thumbnail","7":"category-reconquista"},"_links":{"self":[{"href":"https:\/\/infovera.com.ar\/web\/wp-json\/wp\/v2\/posts\/37181","targetHints":{"allow":["GET"]}}],"collection":[{"href":"https:\/\/infovera.com.ar\/web\/wp-json\/wp\/v2\/posts"}],"about":[{"href":"https:\/\/infovera.com.ar\/web\/wp-json\/wp\/v2\/types\/post"}],"author":[{"embeddable":true,"href":"https:\/\/infovera.com.ar\/web\/wp-json\/wp\/v2\/users\/3"}],"replies":[{"embeddable":true,"href":"https:\/\/infovera.com.ar\/web\/wp-json\/wp\/v2\/comments?post=37181"}],"version-history":[{"count":0,"href":"https:\/\/infovera.com.ar\/web\/wp-json\/wp\/v2\/posts\/37181\/revisions"}],"wp:featuredmedia":[{"embeddable":true,"href":"https:\/\/infovera.com.ar\/web\/wp-json\/wp\/v2\/media\/37182"}],"wp:attachment":[{"href":"https:\/\/infovera.com.ar\/web\/wp-json\/wp\/v2\/media?parent=37181"}],"wp:term":[{"taxonomy":"category","embeddable":true,"href":"https:\/\/infovera.com.ar\/web\/wp-json\/wp\/v2\/categories?post=37181"},{"taxonomy":"post_tag","embeddable":true,"href":"https:\/\/infovera.com.ar\/web\/wp-json\/wp\/v2\/tags?post=37181"}],"curies":[{"name":"wp","href":"https:\/\/api.w.org\/{rel}","templated":true}]}}