{"id":37178,"date":"2022-07-28T18:00:00","date_gmt":"2022-07-28T21:00:00","guid":{"rendered":"https:\/\/infovera.com.ar\/web\/?p=37178"},"modified":"2022-07-29T12:45:54","modified_gmt":"2022-07-29T15:45:54","slug":"calchaqui-y-comunas-de-la-region-recibiran-fondos","status":"publish","type":"post","link":"https:\/\/infovera.com.ar\/web\/2022\/07\/28\/calchaqui-y-comunas-de-la-region-recibiran-fondos\/","title":{"rendered":"Calchaqu\u00ed y comunas de la regi\u00f3n recibir\u00e1n fondos"},"content":{"rendered":"<p><strong>La provincia aprob\u00f3 proyectos para obras en municipios y comunas por m\u00e1s de 178 millones de pesos.\u00a0Fueron autorizados durante un nuevo encuentro de la Comisi\u00f3n de Seguimiento de la ley de Obras Menores.<\/strong><\/p>\n<p>El subsecretario de Comunas de la Provincia de Santa Fe, Carlos Kaufmann, encabez\u00f3 una nueva reuni\u00f3n de la Comisi\u00f3n de Seguimiento \u2013 Ley N\u00ba 12.385 &#8211;\u00a0 durante la cual se aprobaron proyectos de afectaci\u00f3n de fondos de Obras Menores y de Emergencia, que en total representan una inversi\u00f3n del gobierno provincial de m\u00e1s de 178.635.695,60 millones de pesos.Kaufmann, al finalizar la reuni\u00f3n expres\u00f3: &#8220;A pesar del dif\u00edcil y complejo contexto econ\u00f3mico, a pedido del gobernador Omar Perotti, estamos haciendo un gran esfuerzo administrativo y financiero para sostener la obra p\u00fablica y la actividad en cada pueblo y ciudad de la Provincia. En todas las localidades hay 2 o 3 obras en marcha con financiamiento provincial.&#8221;<\/p>\n<p>Los proyectos aprobados corresponden a los a\u00f1os 2018, 2019, 2020, 2021 Y 2022 que ser\u00e1n elevados al Ministerio de Gesti\u00f3n P\u00fablica para su aprobaci\u00f3n final.<\/p>\n<p><strong>OBRAS MENORES<\/strong><\/p>\n<p>La comisi\u00f3n aprob\u00f3 proyectos para la ejecuci\u00f3n de obras o adquisici\u00f3n de maquinaria, por un total de 175.035.695,60 millones de pesos.<\/p>\n<p>&gt;&gt; Colonia Angeloni, departamento San Justo, $451.805,81, correspondientes a 2018, $569.958,70 del a\u00f1o 2019 y $1.268.977,23, de 2020, para la realizaci\u00f3n de cord\u00f3n cuneta, bocacalle e iluminaci\u00f3n led. Tambi\u00e9n se aprobaron $2.517.901,57 correspondientes al 2021 y $3.344.434,25 para la adquisici\u00f3n de una pick nueva o usada.<\/p>\n<p>&gt;&gt; Los Molinos, departamento Caseros, $399.282,13 de 2020 y $2.894.139,24 correspondientes a 2022, para la implementaci\u00f3n del proyecto Espacio Reloj.<\/p>\n<p>&gt;&gt; Colonia Tacurales, departamento Castellanos, $1.814.663,70 de 2020 y $2.321.462,39 correspondientes al 2021, para la refacci\u00f3n y puesta en valor del SUM.<\/p>\n<p>&gt;&gt; Hardy, departamento General Obligado, $1.235.735,00, para el mejoramiento de los espacios p\u00fablicos barrio San Cayetano; y $2.240.000,00 para la adquisici\u00f3n de un automotor usado.<\/p>\n<p>&gt;&gt; Romang, departamento San Javier, $2.137.800,00 de 2021 y $11.503.425,00 correspondientes a 2022 para la adquisici\u00f3n pala cargadora.<\/p>\n<p>&gt;&gt; Villa Minetti, departamento 9 de Julio, $9.913.093,13 para la adquisici\u00f3n de cargador frontal 0 Km.<\/p>\n<p>&gt;&gt; Capivara, departamento San Crist\u00f3bal, $3.422.051,70 para la adquisici\u00f3n veh\u00edculo pick up.<\/p>\n<p>&gt;&gt; Alejandra, departamento San Javier, $5.550.000,00 para la adquisici\u00f3n camioneta cabina simple, desmalezadora de arrastre, cortador de pasto y<br \/>\nmotoguada\u00f1as.<\/p>\n<p>&gt;&gt; San Javier, departamento San Javier, $16.200.000,00 para la adquisici\u00f3n pala cargadora con retroexcavadora.<\/p>\n<p>&gt;&gt; Vera y Pintado, departamento San Justo, $4.754.950,00 para la realizaci\u00f3n de cord\u00f3n cuneta e iluminaci\u00f3n en zona urbana.<\/p>\n<p><strong>FONDOS DE EMERGENCIA<\/strong><\/p>\n<p>Por \u00faltimo, se autorizaron fondos de emergencia por un total de $3.600.000,00<\/p>\n<p>&gt;&gt; Juncal, departamento Constituci\u00f3n, $700.000,00.<\/p>\n<p>&gt;&gt; Saladero M. Cabal, departamento Garay, $600.000,00<\/p>\n<p>&gt;&gt; Landeta, departamento San Mart\u00edn, $800.000,00<\/p>\n<p>&gt;&gt; Calchaqu\u00ed, departamento Vera, $1.500.000,00<\/p>\n","protected":false},"excerpt":{"rendered":"<p>La provincia aprob\u00f3 proyectos para obras en municipios y comunas por m\u00e1s de 178 millones de pesos.\u00a0Fueron autorizados durante un nuevo encuentro de la Comisi\u00f3n de Seguimiento de la ley de Obras Menores. El subsecretario de Comunas de la Provincia de Santa Fe, Carlos Kaufmann, encabez\u00f3 una nueva reuni\u00f3n de la Comisi\u00f3n de Seguimiento \u2013 [&hellip;]<\/p>\n","protected":false},"author":3,"featured_media":0,"comment_status":"closed","ping_status":"closed","sticky":false,"template":"","format":"standard","meta":{"_joinchat":[],"footnotes":""},"categories":[51],"tags":[],"class_list":{"0":"post-37178","1":"post","2":"type-post","3":"status-publish","4":"format-standard","6":"category-locales"},"_links":{"self":[{"href":"https:\/\/infovera.com.ar\/web\/wp-json\/wp\/v2\/posts\/37178","targetHints":{"allow":["GET"]}}],"collection":[{"href":"https:\/\/infovera.com.ar\/web\/wp-json\/wp\/v2\/posts"}],"about":[{"href":"https:\/\/infovera.com.ar\/web\/wp-json\/wp\/v2\/types\/post"}],"author":[{"embeddable":true,"href":"https:\/\/infovera.com.ar\/web\/wp-json\/wp\/v2\/users\/3"}],"replies":[{"embeddable":true,"href":"https:\/\/infovera.com.ar\/web\/wp-json\/wp\/v2\/comments?post=37178"}],"version-history":[{"count":0,"href":"https:\/\/infovera.com.ar\/web\/wp-json\/wp\/v2\/posts\/37178\/revisions"}],"wp:attachment":[{"href":"https:\/\/infovera.com.ar\/web\/wp-json\/wp\/v2\/media?parent=37178"}],"wp:term":[{"taxonomy":"category","embeddable":true,"href":"https:\/\/infovera.com.ar\/web\/wp-json\/wp\/v2\/categories?post=37178"},{"taxonomy":"post_tag","embeddable":true,"href":"https:\/\/infovera.com.ar\/web\/wp-json\/wp\/v2\/tags?post=37178"}],"curies":[{"name":"wp","href":"https:\/\/api.w.org\/{rel}","templated":true}]}}