{"id":37165,"date":"2022-07-28T14:13:24","date_gmt":"2022-07-28T17:13:24","guid":{"rendered":"https:\/\/infovera.com.ar\/web\/?p=37165"},"modified":"2022-07-29T12:46:08","modified_gmt":"2022-07-29T15:46:08","slug":"licitaran-la-construccion-de-72-viviendas-para-vera","status":"publish","type":"post","link":"https:\/\/infovera.com.ar\/web\/2022\/07\/28\/licitaran-la-construccion-de-72-viviendas-para-vera\/","title":{"rendered":"Licitar\u00e1n la construcci\u00f3n de 72 viviendas para Vera"},"content":{"rendered":"<p>As\u00ed lo anunci\u00f3 el Senador Provincial por el Departamento Vera, Osvaldo Sosa.<\/p>\n<p>El viernes 19 de agosto a las 12:00 horas en el \u201cComplejo la Estaci\u00f3n\u201d de la ciudad de Vera, se realizara la recepci\u00f3n de ofertas y la apertura de sobres para la construcci\u00f3n de 72 viviendas para la ciudad, por un monto de $420.713.859,94.<\/p>\n<p>Al respecto, el legislador expres\u00f3 &#8220;bajo la licitaci\u00f3n N\u00b024\/2022 comienza a convertirse en realidad el sue\u00f1o de much\u00edsimas familias, y en ese sentido nos comprometemos a seguir trabajando para que esa deuda social de una vivienda digna, comience a reducirse&#8221;.<\/p>\n","protected":false},"excerpt":{"rendered":"<p>As\u00ed lo anunci\u00f3 el Senador Provincial por el Departamento Vera, Osvaldo Sosa. El viernes 19 de agosto a las 12:00 horas en el \u201cComplejo la Estaci\u00f3n\u201d de la ciudad de Vera, se realizara la recepci\u00f3n de ofertas y la apertura de sobres para la construcci\u00f3n de 72 viviendas para la ciudad, por un monto de [&hellip;]<\/p>\n","protected":false},"author":3,"featured_media":37166,"comment_status":"closed","ping_status":"closed","sticky":false,"template":"","format":"standard","meta":{"_joinchat":[],"footnotes":""},"categories":[53],"tags":[],"class_list":{"0":"post-37165","1":"post","2":"type-post","3":"status-publish","4":"format-standard","5":"has-post-thumbnail","7":"category-vera"},"_links":{"self":[{"href":"https:\/\/infovera.com.ar\/web\/wp-json\/wp\/v2\/posts\/37165","targetHints":{"allow":["GET"]}}],"collection":[{"href":"https:\/\/infovera.com.ar\/web\/wp-json\/wp\/v2\/posts"}],"about":[{"href":"https:\/\/infovera.com.ar\/web\/wp-json\/wp\/v2\/types\/post"}],"author":[{"embeddable":true,"href":"https:\/\/infovera.com.ar\/web\/wp-json\/wp\/v2\/users\/3"}],"replies":[{"embeddable":true,"href":"https:\/\/infovera.com.ar\/web\/wp-json\/wp\/v2\/comments?post=37165"}],"version-history":[{"count":0,"href":"https:\/\/infovera.com.ar\/web\/wp-json\/wp\/v2\/posts\/37165\/revisions"}],"wp:featuredmedia":[{"embeddable":true,"href":"https:\/\/infovera.com.ar\/web\/wp-json\/wp\/v2\/media\/37166"}],"wp:attachment":[{"href":"https:\/\/infovera.com.ar\/web\/wp-json\/wp\/v2\/media?parent=37165"}],"wp:term":[{"taxonomy":"category","embeddable":true,"href":"https:\/\/infovera.com.ar\/web\/wp-json\/wp\/v2\/categories?post=37165"},{"taxonomy":"post_tag","embeddable":true,"href":"https:\/\/infovera.com.ar\/web\/wp-json\/wp\/v2\/tags?post=37165"}],"curies":[{"name":"wp","href":"https:\/\/api.w.org\/{rel}","templated":true}]}}