{"id":37155,"date":"2022-07-27T22:05:40","date_gmt":"2022-07-28T01:05:40","guid":{"rendered":"https:\/\/infovera.com.ar\/web\/?p=37155"},"modified":"2022-07-29T11:51:36","modified_gmt":"2022-07-29T14:51:36","slug":"santa-fe-implementara-la-extension-horaria-en-las-escuelas-primarias-de-la-provincia","status":"publish","type":"post","link":"https:\/\/infovera.com.ar\/web\/2022\/07\/27\/santa-fe-implementara-la-extension-horaria-en-las-escuelas-primarias-de-la-provincia\/","title":{"rendered":"Santa Fe implementar\u00e1 la extensi\u00f3n horaria en las escuelas primarias de la provincia"},"content":{"rendered":"<p>El gobernador de la provincia de Santa Fe, Omar Perotti, y la ministra de Educaci\u00f3n, Adriana Cantero, firmaron este mi\u00e9rcoles un convenio con el ministro de Educaci\u00f3n de la Naci\u00f3n, Jaime Perczyk, para implementar la extensi\u00f3n horaria en las escuelas primarias de la provincia a partir del 1\u00b0 de agosto.<\/p>\n<p>En la oportunidad, Perotti sostuvo que \u201cpara nosotros la educaci\u00f3n es una prioridad definida desde el primer d\u00eda de gesti\u00f3n, definida en el deseo de que todos nuestros chicos y chicas est\u00e9n en la escuela aprendiendo. Eso signific\u00f3 una b\u00fasqueda de cada uno de ellos casa por casa, desde la sala de 4 a\u00f1os, que se universaliz\u00f3 por primera vez\u201d, dijo el mandatario.<\/p>\n<p>Y agreg\u00f3: \u201cPoder generar una extensi\u00f3n horaria para que esos objetivos se cumplan, es el elemento com\u00fan de trabajo con el Ministerio a nivel nacional. Es el deseo, en esta primera instancia, con nuestras escuelas rurales, de alta valoraci\u00f3n por lo que significa para la provincia de Santa Fe, el desarrollo agropecuario, agroindustrial y agroalimentario, que tiene en esas escuelas una formaci\u00f3n esencial para el futuro del desarrollo de nuestra provincia y el pa\u00eds\u201d.<\/p>\n<p>\u201cEs importante -continu\u00f3 Perotti- tener la colaboraci\u00f3n de todos los docentes para este esfuerzo y de todos los padres deseosos de que sus hijos aprendan m\u00e1s. Tener m\u00e1s horas significar\u00e1 tener m\u00e1s d\u00edas, la posibilidad de formar y acompa\u00f1ar en cada uno de los trayectos escolares de la mejor manera. Para eso se necesita tiempo y el tiempo de los chicos en la escuela consideramos que es el mejor, formados de la mejor manera para ingresar al mundo laboral y seguir estudiando una carrera universitaria\u201d, finaliz\u00f3 el gobernador.<\/p>\n<p>En tanto, el ministro Perczyk detall\u00f3 que \u201cel objetivo es llegar a que los chicos argentinos tengan al menos 25 horas de clases. Creemos que el mejor lugar para nuestros chicos es la escuela y en ella reforzar la ense\u00f1anza y el aprendizaje de lengua y matem\u00e1tica. Son dos \u00e1reas del conocimiento que permiten comprender y aprender otras cuestiones de la vida diaria\u201d.<\/p>\n<p>\u201cHoy dimos un paso importante, que no se hizo antes. En un momento tan dif\u00edcil de la Argentina decidimos hacer una inversi\u00f3n grande para que nuestros chicos tengan m\u00e1s horas y m\u00e1s ense\u00f1anza en la escuela\u201d, finaliz\u00f3 el ministro de Educaci\u00f3n de la Naci\u00f3n.<\/p>\n<p>Por su parte, la ministra Adriana Cantero indic\u00f3 que \u201cestamos pensando en la universalidad de la extensi\u00f3n de la jornada en el nivel primario porque definimos la trayectoria escolar obligatoria como \u00fanica; comienza con el ingreso temprano en el nivel inicial, fortalece los aprendizajes elementales en la escuela primaria y define para la escuela secundaria, una escuela de avance continuo. Este fortalecimiento de la escuela primaria, una escuela que hace much\u00edsimos a\u00f1os que no se mira en la Argentina, con m\u00e1s tiempo puesto al servicio de que podamos fortalecer esos aprendizajes fundamentales, es un pilar que nosotros queremos sostener y proyectar\u201d, manifest\u00f3 la funcionaria.<\/p>\n<p>Por \u00faltimo, la secretaria de Educaci\u00f3n de la Naci\u00f3n, Silvina Gvirtz, expres\u00f3 que \u201ccontar con una hora m\u00e1s de clase por d\u00eda significar\u00e1 en un a\u00f1o 38 d\u00edas m\u00e1s de clases y a la finalizaci\u00f3n de la primaria significa como si la primaria sumara un a\u00f1o m\u00e1s de clase. Esto va a mejorar tanto la lectura, la comprensi\u00f3n de textos y la producci\u00f3n de textos de los chicos y las matem\u00e1ticas. El por qu\u00e9 de las matem\u00e1ticas es debido a que es la base de la tecnolog\u00eda; si nosotros queremos formar estudiantes que sean consumidores inteligentes de tecnolog\u00eda y productores de tecnolog\u00eda, que nuestros chicos aprendan a programar, a moverse en un mundo tecnologizado, la base es \u00e9sta. Por eso, a esta hora de clase le sumamos la entrega universal de libros de lectura y matem\u00e1ticas a cada uno de los alumnos de la primaria\u201d.<\/p>\n<p>Participaron tambi\u00e9n de la actividad, llevada a cabo en la sede del Ministerio de Educaci\u00f3n de la Naci\u00f3n, el asesor de la cartera educativa nacional, Mario Caputo; y la secretaria provincial de Gesti\u00f3n Federal, Candelaria Gonz\u00e1lez del Pino.<\/p>\n<p><strong>DETALLES DE LA IMPLEMENTACI\u00d3N<\/strong><\/p>\n<p>La propuesta de extensi\u00f3n horaria est\u00e1 enmarcada en las resoluciones 423 y 426 del Consejo Federal de Educaci\u00f3n, en las cuales se expresan los &#8220;Lineamientos Estrat\u00e9gicos para la Rep\u00fablica Argentina 2022-2027&#8221;.<\/p>\n<p>La resoluci\u00f3n general para la jornada extendida se aprob\u00f3 durante la 119\u00b0 Asamblea del Consejo Federal de Educaci\u00f3n, llevada a cabo el 22 de junio en Rosario. A partir de all\u00ed, qued\u00f3 abierta la puerta a que cada provincia suscriba los acuerdos bilaterales con el gobierno nacional.<\/p>\n<p>En el caso de Santa Fe, el Gobierno Nacional comprometi\u00f3 el financiamiento del 80% por un plazo de cinco a\u00f1os, el equivalente a $43.535.343,51 mensual. El otro 20% corre por cuenta de la provincia.<\/p>\n<p>De este modo, provincia y Naci\u00f3n se comprometen a implementar la extensi\u00f3n horaria para avanzar hacia la universalizaci\u00f3n de la jornada completa o extendida en las escuelas primarias, o bien adoptar la modalidad de extensi\u00f3n horaria que las lleve a un m\u00ednimo de 25 horas semanales como estrategia escalonada.<\/p>\n<p>La extensi\u00f3n horaria ser\u00e1 destinada prioritariamete al fortalecimiento de la producci\u00f3n escrita, la comprensi\u00f3n lectora y la alfabetizaci\u00f3n matem\u00e1tica y cient\u00edfica.<\/p>\n","protected":false},"excerpt":{"rendered":"<p>El gobernador de la provincia de Santa Fe, Omar Perotti, y la ministra de Educaci\u00f3n, Adriana Cantero, firmaron este mi\u00e9rcoles un convenio con el ministro de Educaci\u00f3n de la Naci\u00f3n, Jaime Perczyk, para implementar la extensi\u00f3n horaria en las escuelas primarias de la provincia a partir del 1\u00b0 de agosto. En la oportunidad, Perotti sostuvo [&hellip;]<\/p>\n","protected":false},"author":3,"featured_media":37156,"comment_status":"closed","ping_status":"closed","sticky":false,"template":"","format":"standard","meta":{"_joinchat":[],"footnotes":""},"categories":[60],"tags":[],"class_list":{"0":"post-37155","1":"post","2":"type-post","3":"status-publish","4":"format-standard","5":"has-post-thumbnail","7":"category-provinciales"},"_links":{"self":[{"href":"https:\/\/infovera.com.ar\/web\/wp-json\/wp\/v2\/posts\/37155","targetHints":{"allow":["GET"]}}],"collection":[{"href":"https:\/\/infovera.com.ar\/web\/wp-json\/wp\/v2\/posts"}],"about":[{"href":"https:\/\/infovera.com.ar\/web\/wp-json\/wp\/v2\/types\/post"}],"author":[{"embeddable":true,"href":"https:\/\/infovera.com.ar\/web\/wp-json\/wp\/v2\/users\/3"}],"replies":[{"embeddable":true,"href":"https:\/\/infovera.com.ar\/web\/wp-json\/wp\/v2\/comments?post=37155"}],"version-history":[{"count":0,"href":"https:\/\/infovera.com.ar\/web\/wp-json\/wp\/v2\/posts\/37155\/revisions"}],"wp:featuredmedia":[{"embeddable":true,"href":"https:\/\/infovera.com.ar\/web\/wp-json\/wp\/v2\/media\/37156"}],"wp:attachment":[{"href":"https:\/\/infovera.com.ar\/web\/wp-json\/wp\/v2\/media?parent=37155"}],"wp:term":[{"taxonomy":"category","embeddable":true,"href":"https:\/\/infovera.com.ar\/web\/wp-json\/wp\/v2\/categories?post=37155"},{"taxonomy":"post_tag","embeddable":true,"href":"https:\/\/infovera.com.ar\/web\/wp-json\/wp\/v2\/tags?post=37155"}],"curies":[{"name":"wp","href":"https:\/\/api.w.org\/{rel}","templated":true}]}}