{"id":37152,"date":"2022-07-27T18:55:57","date_gmt":"2022-07-27T21:55:57","guid":{"rendered":"https:\/\/infovera.com.ar\/web\/?p=37152"},"modified":"2022-07-27T18:55:57","modified_gmt":"2022-07-27T21:55:57","slug":"realizaran-controles-vehiculares-en-las-madrugadas-de-los-fines-de-semana","status":"publish","type":"post","link":"https:\/\/infovera.com.ar\/web\/2022\/07\/27\/realizaran-controles-vehiculares-en-las-madrugadas-de-los-fines-de-semana\/","title":{"rendered":"Realizar\u00e1n controles vehiculares en las madrugadas de los fines de semana"},"content":{"rendered":"<p>En horas de la ma\u00f1ana de hoy, en la Unidad Regional XIX, se desarroll\u00f3 reuni\u00f3n interinstitucional, de la que participaron, el Jefe y Subjefe Unidad Regional, los Subdirectores de Polic\u00eda OMAR DUARTE y DIEGO COSTANZO respectivamente, y otros efectivos de la Regional, asimismo el Sr. JORGE YUQUICH, en su car\u00e1cter de SUBSECRETARIO DE SEGURIDAD Y CONTROL URBANO de la Municipalidad de Vera.<\/p>\n<p>En la reuni\u00f3n se trataron temas inherentes a la seguridad urbana en general y en particular la problem\u00e1tica vial nocturna, sobre todo en d\u00edas de fines de semana y feriados, por lo que se concluy\u00f3 que se comenzaran a realizar OPERATIVOS CONTROL VEHICULAR CONJUNTOS (documentaci\u00f3n y actitud para la conducci\u00f3n) en las madrugadas de los d\u00edas de fines de semanas y v\u00edsperas de feriados, en lugares estrat\u00e9gicos de la ciudad.-<\/p>\n","protected":false},"excerpt":{"rendered":"<p>En horas de la ma\u00f1ana de hoy, en la Unidad Regional XIX, se desarroll\u00f3 reuni\u00f3n interinstitucional, de la que participaron, el Jefe y Subjefe Unidad Regional, los Subdirectores de Polic\u00eda OMAR DUARTE y DIEGO COSTANZO respectivamente, y otros efectivos de la Regional, asimismo el Sr. JORGE YUQUICH, en su car\u00e1cter de SUBSECRETARIO DE SEGURIDAD Y [&hellip;]<\/p>\n","protected":false},"author":3,"featured_media":37153,"comment_status":"closed","ping_status":"closed","sticky":false,"template":"","format":"standard","meta":{"_joinchat":[],"footnotes":""},"categories":[51],"tags":[],"class_list":{"0":"post-37152","1":"post","2":"type-post","3":"status-publish","4":"format-standard","5":"has-post-thumbnail","7":"category-locales"},"_links":{"self":[{"href":"https:\/\/infovera.com.ar\/web\/wp-json\/wp\/v2\/posts\/37152","targetHints":{"allow":["GET"]}}],"collection":[{"href":"https:\/\/infovera.com.ar\/web\/wp-json\/wp\/v2\/posts"}],"about":[{"href":"https:\/\/infovera.com.ar\/web\/wp-json\/wp\/v2\/types\/post"}],"author":[{"embeddable":true,"href":"https:\/\/infovera.com.ar\/web\/wp-json\/wp\/v2\/users\/3"}],"replies":[{"embeddable":true,"href":"https:\/\/infovera.com.ar\/web\/wp-json\/wp\/v2\/comments?post=37152"}],"version-history":[{"count":0,"href":"https:\/\/infovera.com.ar\/web\/wp-json\/wp\/v2\/posts\/37152\/revisions"}],"wp:featuredmedia":[{"embeddable":true,"href":"https:\/\/infovera.com.ar\/web\/wp-json\/wp\/v2\/media\/37153"}],"wp:attachment":[{"href":"https:\/\/infovera.com.ar\/web\/wp-json\/wp\/v2\/media?parent=37152"}],"wp:term":[{"taxonomy":"category","embeddable":true,"href":"https:\/\/infovera.com.ar\/web\/wp-json\/wp\/v2\/categories?post=37152"},{"taxonomy":"post_tag","embeddable":true,"href":"https:\/\/infovera.com.ar\/web\/wp-json\/wp\/v2\/tags?post=37152"}],"curies":[{"name":"wp","href":"https:\/\/api.w.org\/{rel}","templated":true}]}}