{"id":37141,"date":"2022-07-27T09:01:52","date_gmt":"2022-07-27T12:01:52","guid":{"rendered":"https:\/\/infovera.com.ar\/web\/?p=37141"},"modified":"2022-07-28T18:20:41","modified_gmt":"2022-07-28T21:20:41","slug":"mas-de-25-artistas-dieron-vida-al-homenaje-a-evita-ante-numeroso-publico","status":"publish","type":"post","link":"https:\/\/infovera.com.ar\/web\/2022\/07\/27\/mas-de-25-artistas-dieron-vida-al-homenaje-a-evita-ante-numeroso-publico\/","title":{"rendered":"M\u00e1s de 25 artistas dieron vida al homenaje a Evita ante numeroso p\u00fablico"},"content":{"rendered":"<p><strong>Anoche, m\u00e1s de 25 artistas de variados rubros &#8220;nos han conmovido a m\u00e1s de 200 personas que asistimos al Encuentro Cultural Intergeneracional en homenaje a Eva Per\u00f3n&#8221;, manifest\u00f3 &#8220;Oso&#8221; Bustos, uno de los referentes de la movida.<\/strong><\/p>\n<p>El dirigente dijo que &#8220;no alcanzan las palabras de agradecimiento para todas y todos&#8221;.<\/p>\n<p>&#8220;Con Diego Clementin y \u00c1ngel Parra nos propusimos coordinar un homenaje a la figura de Eva Per\u00f3n, tratamos de unir a varias generaciona a traves del arte. Nos vast\u00f3 vernos a los ojos para saber que hab\u00edamos logrado el objetivo, y nos llena de orgullo saber que artistas y espectadores estuvimos con la l\u00e1grima en el ojo, abraz\u00e1ndonos, alent\u00e1ndonos a continuar&#8221;, sostuvo.<\/p>\n<p>&#8220;Sin lugar a dudas los verenses podemos brindar un encuentro cultural de primer nivel y eso nos pone en el compromiso de seguir bregando por mas espacios para nuestra cultura.<br \/>\nGracias Vera. Gracias por los cientos de mensajes que recibimos, mensajes llenos de cari\u00f1o, de aliento. Pronto haremos p\u00fablico por los medios el encuentro para que m\u00e1s personas puedan disfrutar de la excelencia de nuestros artistas&#8221;, concluy\u00f3.<\/p>\n","protected":false},"excerpt":{"rendered":"<p>Anoche, m\u00e1s de 25 artistas de variados rubros &#8220;nos han conmovido a m\u00e1s de 200 personas que asistimos al Encuentro Cultural Intergeneracional en homenaje a Eva Per\u00f3n&#8221;, manifest\u00f3 &#8220;Oso&#8221; Bustos, uno de los referentes de la movida. El dirigente dijo que &#8220;no alcanzan las palabras de agradecimiento para todas y todos&#8221;. &#8220;Con Diego Clementin y [&hellip;]<\/p>\n","protected":false},"author":3,"featured_media":37142,"comment_status":"closed","ping_status":"closed","sticky":false,"template":"","format":"standard","meta":{"_joinchat":[],"footnotes":""},"categories":[53],"tags":[],"class_list":{"0":"post-37141","1":"post","2":"type-post","3":"status-publish","4":"format-standard","5":"has-post-thumbnail","7":"category-vera"},"_links":{"self":[{"href":"https:\/\/infovera.com.ar\/web\/wp-json\/wp\/v2\/posts\/37141","targetHints":{"allow":["GET"]}}],"collection":[{"href":"https:\/\/infovera.com.ar\/web\/wp-json\/wp\/v2\/posts"}],"about":[{"href":"https:\/\/infovera.com.ar\/web\/wp-json\/wp\/v2\/types\/post"}],"author":[{"embeddable":true,"href":"https:\/\/infovera.com.ar\/web\/wp-json\/wp\/v2\/users\/3"}],"replies":[{"embeddable":true,"href":"https:\/\/infovera.com.ar\/web\/wp-json\/wp\/v2\/comments?post=37141"}],"version-history":[{"count":0,"href":"https:\/\/infovera.com.ar\/web\/wp-json\/wp\/v2\/posts\/37141\/revisions"}],"wp:featuredmedia":[{"embeddable":true,"href":"https:\/\/infovera.com.ar\/web\/wp-json\/wp\/v2\/media\/37142"}],"wp:attachment":[{"href":"https:\/\/infovera.com.ar\/web\/wp-json\/wp\/v2\/media?parent=37141"}],"wp:term":[{"taxonomy":"category","embeddable":true,"href":"https:\/\/infovera.com.ar\/web\/wp-json\/wp\/v2\/categories?post=37141"},{"taxonomy":"post_tag","embeddable":true,"href":"https:\/\/infovera.com.ar\/web\/wp-json\/wp\/v2\/tags?post=37141"}],"curies":[{"name":"wp","href":"https:\/\/api.w.org\/{rel}","templated":true}]}}