{"id":37123,"date":"2022-07-26T17:37:11","date_gmt":"2022-07-26T20:37:11","guid":{"rendered":"https:\/\/infovera.com.ar\/web\/?p=37123"},"modified":"2022-07-28T18:21:07","modified_gmt":"2022-07-28T21:21:07","slug":"envuelto-en-una-bolsa-de-residuos-hallaron-un-bebe-sin-vida-en-un-basural-de-villa-ocampo","status":"publish","type":"post","link":"https:\/\/infovera.com.ar\/web\/2022\/07\/26\/envuelto-en-una-bolsa-de-residuos-hallaron-un-bebe-sin-vida-en-un-basural-de-villa-ocampo\/","title":{"rendered":"Envuelto en una bolsa de residuos, hallaron un beb\u00e9 sin vida en un basural de Villa Ocampo"},"content":{"rendered":"<p><strong>Fue encontrado por personas que trabajan en el vertedero. La polic\u00eda investiga el caso.<\/strong><\/p>\n<p>Pasado el mediod\u00eda de este martes, lugare\u00f1os que frecuentan el basural donde separan y reciclan elementos all\u00ed descartados dieron, entre los restos de basura, con un hallazgo conmocionante: el cuerpo sin vida de un beb\u00e9, que todav\u00eda ten\u00eda pegado su cord\u00f3n umbilical.<\/p>\n<p>El cad\u00e1ver del lactante estaba envuelto en una bolsa de residuos de color negro, vestido con prendas acordes a su peque\u00f1ez y pudo comprobarse que era un var\u00f3n.<\/p>\n<p>De acuerdo a fuentes policiales consultados, a las 12:45 la polic\u00eda de Villa Ocampo recibi\u00f3 un llamado telef\u00f3nico an\u00f3nimo que solicit\u00f3 la presencia policial en el dep\u00f3sito de residuos de la ciudad, ubicado en intersecci\u00f3n de la Ruta Provincial 32 y calle Estanislao L\u00f3pez, al sur de la cuadr\u00edcula urbana.<\/p>\n<p>Una vez que los uniformados arribaron al lugar, una persona que permanec\u00eda all\u00ed les indic\u00f3 \u201cd\u00f3nde se encontraba el cuerpo, siendo de sexo masculino, envuelto en prendas de vestir y bolsa de residuo de color negro\u201d.<\/p>\n<p>De inmediato, tom\u00f3 intervenci\u00f3n el fiscal en turno de la Unidad Fiscal Las Toscas, Dr. Juan Carlos Koguc, quien dispuso se de intervenci\u00f3n a la Agencia de Investigaci\u00f3n Criminal, cuyo gabinete criminal\u00edstico de despleg\u00f3 en el enclave de la periferia ocampense.<\/p>\n<p>La investigaci\u00f3n en curso buscar\u00e1 determinar el autor\/a material de la aberrante acci\u00f3n, si naci\u00f3 con vida (el hecho de estar arropado inducir\u00eda a pensar que s\u00ed) y su posible edad, confiaron a<strong> InfoVera<\/strong> fuente del caso.<\/p>\n","protected":false},"excerpt":{"rendered":"<p>Fue encontrado por personas que trabajan en el vertedero. La polic\u00eda investiga el caso. Pasado el mediod\u00eda de este martes, lugare\u00f1os que frecuentan el basural donde separan y reciclan elementos all\u00ed descartados dieron, entre los restos de basura, con un hallazgo conmocionante: el cuerpo sin vida de un beb\u00e9, que todav\u00eda ten\u00eda pegado su cord\u00f3n [&hellip;]<\/p>\n","protected":false},"author":3,"featured_media":37124,"comment_status":"closed","ping_status":"closed","sticky":false,"template":"","format":"standard","meta":{"_joinchat":[],"footnotes":""},"categories":[30,55],"tags":[],"class_list":{"0":"post-37123","1":"post","2":"type-post","3":"status-publish","4":"format-standard","5":"has-post-thumbnail","7":"category-policiales","8":"category-reconquista"},"_links":{"self":[{"href":"https:\/\/infovera.com.ar\/web\/wp-json\/wp\/v2\/posts\/37123","targetHints":{"allow":["GET"]}}],"collection":[{"href":"https:\/\/infovera.com.ar\/web\/wp-json\/wp\/v2\/posts"}],"about":[{"href":"https:\/\/infovera.com.ar\/web\/wp-json\/wp\/v2\/types\/post"}],"author":[{"embeddable":true,"href":"https:\/\/infovera.com.ar\/web\/wp-json\/wp\/v2\/users\/3"}],"replies":[{"embeddable":true,"href":"https:\/\/infovera.com.ar\/web\/wp-json\/wp\/v2\/comments?post=37123"}],"version-history":[{"count":0,"href":"https:\/\/infovera.com.ar\/web\/wp-json\/wp\/v2\/posts\/37123\/revisions"}],"wp:featuredmedia":[{"embeddable":true,"href":"https:\/\/infovera.com.ar\/web\/wp-json\/wp\/v2\/media\/37124"}],"wp:attachment":[{"href":"https:\/\/infovera.com.ar\/web\/wp-json\/wp\/v2\/media?parent=37123"}],"wp:term":[{"taxonomy":"category","embeddable":true,"href":"https:\/\/infovera.com.ar\/web\/wp-json\/wp\/v2\/categories?post=37123"},{"taxonomy":"post_tag","embeddable":true,"href":"https:\/\/infovera.com.ar\/web\/wp-json\/wp\/v2\/tags?post=37123"}],"curies":[{"name":"wp","href":"https:\/\/api.w.org\/{rel}","templated":true}]}}