{"id":37108,"date":"2022-07-26T11:00:26","date_gmt":"2022-07-26T14:00:26","guid":{"rendered":"https:\/\/infovera.com.ar\/web\/?p=37108"},"modified":"2022-07-27T13:11:34","modified_gmt":"2022-07-27T16:11:34","slug":"el-partido-socialista-de-vera-homenajeo-a-binner-y-lifschitz-con-un-mural","status":"publish","type":"post","link":"https:\/\/infovera.com.ar\/web\/2022\/07\/26\/el-partido-socialista-de-vera-homenajeo-a-binner-y-lifschitz-con-un-mural\/","title":{"rendered":"El partido socialista de Vera homenaje\u00f3 a Binner y Lifschitz con un mural"},"content":{"rendered":"<p><strong>El mural emplazado en calle Rivadavia, intersecci\u00f3n Lisandro de la Torre, destaca las que sin dudas son dos de las principales figuras contempor\u00e1neas del Partido Socialista, Hermes Binner y Miguel Lifschitz, ex gobernadores de la provincia, fallecidos en los \u00faltimos a\u00f1os, el \u00faltimo a causa del COVID-19.<\/strong><\/p>\n<p>La ejecuci\u00f3n de la obra estuvo a cargo del artista pl\u00e1stico verense Flavio Tapia, quien plasm\u00f3 dos im\u00e1genes que marcaron la trayectoria de los pol\u00edticos socialistas. La figura de Miguel lo muestra saludando a la multitud que ovacionaba la hist\u00f3rica inauguraci\u00f3n del edificio del Hospital Iturraspe, el m\u00e1s moderno del pa\u00eds, que se finaliz\u00f3 e inaugur\u00f3 durante su gobierno. En cuanto a la figura de Hermes, el artista destac\u00f3 la foto que m\u00e1s representaba sus hechos y pol\u00edticas &#8220;con las manos limpias y u\u00f1as cortas&#8221;, el primero de los gobernadores socialistas de la historia, cuya trayectoria y proyectos fueron continuados por los siguientes.<\/p>\n<p>En el centro del mural la frase &#8220;Los sue\u00f1os son para siempre&#8221;, con la que Lifschitz cerro su gesti\u00f3n en 2019 y la que su esposa, Clara Garc\u00eda destac\u00f3 como slogan de su campa\u00f1a a Diputada Nacional.<\/p>\n<p>Desde el espacio pol\u00edtico local destacaron &#8220;este es nuestro reconocimiento para Hermes Binner y Miguel Lifschitz, gobernadores Socialistas quienes junto a Antonio Bonfatti nos ense\u00f1aron que otra Santa Fe era posible y que hab\u00eda que ir por los sue\u00f1os de todos los santafesinos e hicieron una verdadera transformaci\u00f3n con pol\u00edticas p\u00fablicas en nuestra Provincia.<\/p>\n<p>Hoy su lucha y sus sue\u00f1os siguen siendo la de muchos de nosotros, por una sociedad m\u00e1s justa, m\u00e1s democr\u00e1tica y m\u00e1s inclusiva&#8221;.<\/p>\n","protected":false},"excerpt":{"rendered":"<p>El mural emplazado en calle Rivadavia, intersecci\u00f3n Lisandro de la Torre, destaca las que sin dudas son dos de las principales figuras contempor\u00e1neas del Partido Socialista, Hermes Binner y Miguel Lifschitz, ex gobernadores de la provincia, fallecidos en los \u00faltimos a\u00f1os, el \u00faltimo a causa del COVID-19. La ejecuci\u00f3n de la obra estuvo a cargo [&hellip;]<\/p>\n","protected":false},"author":3,"featured_media":37112,"comment_status":"closed","ping_status":"closed","sticky":false,"template":"","format":"standard","meta":{"_joinchat":[],"footnotes":""},"categories":[53],"tags":[],"class_list":{"0":"post-37108","1":"post","2":"type-post","3":"status-publish","4":"format-standard","5":"has-post-thumbnail","7":"category-vera"},"_links":{"self":[{"href":"https:\/\/infovera.com.ar\/web\/wp-json\/wp\/v2\/posts\/37108","targetHints":{"allow":["GET"]}}],"collection":[{"href":"https:\/\/infovera.com.ar\/web\/wp-json\/wp\/v2\/posts"}],"about":[{"href":"https:\/\/infovera.com.ar\/web\/wp-json\/wp\/v2\/types\/post"}],"author":[{"embeddable":true,"href":"https:\/\/infovera.com.ar\/web\/wp-json\/wp\/v2\/users\/3"}],"replies":[{"embeddable":true,"href":"https:\/\/infovera.com.ar\/web\/wp-json\/wp\/v2\/comments?post=37108"}],"version-history":[{"count":0,"href":"https:\/\/infovera.com.ar\/web\/wp-json\/wp\/v2\/posts\/37108\/revisions"}],"wp:featuredmedia":[{"embeddable":true,"href":"https:\/\/infovera.com.ar\/web\/wp-json\/wp\/v2\/media\/37112"}],"wp:attachment":[{"href":"https:\/\/infovera.com.ar\/web\/wp-json\/wp\/v2\/media?parent=37108"}],"wp:term":[{"taxonomy":"category","embeddable":true,"href":"https:\/\/infovera.com.ar\/web\/wp-json\/wp\/v2\/categories?post=37108"},{"taxonomy":"post_tag","embeddable":true,"href":"https:\/\/infovera.com.ar\/web\/wp-json\/wp\/v2\/tags?post=37108"}],"curies":[{"name":"wp","href":"https:\/\/api.w.org\/{rel}","templated":true}]}}