{"id":37094,"date":"2022-07-25T19:27:54","date_gmt":"2022-07-25T22:27:54","guid":{"rendered":"https:\/\/infovera.com.ar\/web\/?p=37094"},"modified":"2022-07-25T19:27:54","modified_gmt":"2022-07-25T22:27:54","slug":"santa-fe-mas-2-550-millones-destinados-a-la-capacitacion-y-trabajo-de-mas-de-26-mil-jovenes","status":"publish","type":"post","link":"https:\/\/infovera.com.ar\/web\/2022\/07\/25\/santa-fe-mas-2-550-millones-destinados-a-la-capacitacion-y-trabajo-de-mas-de-26-mil-jovenes\/","title":{"rendered":"Santa Fe M\u00e1s: 2.550 millones destinados a la capacitaci\u00f3n y trabajo de m\u00e1s de 26 mil j\u00f3venes"},"content":{"rendered":"<p>El programa Santa Fe M\u00e1s es una de las herramientas principales elaboradas desde el gobierno provincial para enfrentar los efectos sociales del actual contexto econ\u00f3mico. El mismo es ejecutado desde el Ministerio de Desarrollo Social, que encabeza Danilo Capitani, y apunta a la inclusi\u00f3n en el segmento de las y los j\u00f3venes de entre 18 y 30 a\u00f1os, quienes reciben en una primera etapa una formaci\u00f3n-capacitaci\u00f3n para poder insertarse luego en el \u00e1mbito laboral, ya sea como empleado o bien como emprendedor.<\/p>\n<p>Capitani se refiri\u00f3 a los alcances del programa: \u201cHay una antigua afirmaci\u00f3n que dice que la crisis es, a la vez, una oportunidad. Este es un momento complejo desde lo econ\u00f3mico y lo social. Pero desde el inicio de la gesti\u00f3n del gobernador Perotti, creemos que tambi\u00e9n puede ser el momento para impulsar este programa que se proyecta m\u00e1s all\u00e1 de una ayuda, como una herramienta para darle a muchos j\u00f3venes de la provincia la posibilidad de que, mediante un proceso de capacitaci\u00f3n, puedan insertarse en el mundo del trabajo. Que es lo que genuinamente dignifica y eleva a cualquier persona\u201d.<\/p>\n<p>Por su parte, el secretario de Pol\u00edticas de Inclusi\u00f3n y Desarrollo Territorial, Fernando Mazziotta, expres\u00f3: \u201cEl Santa Fe M\u00e1s, es claramente una definici\u00f3n pol\u00edtica del gobernador, que tiene como eje los territorios, la articulaci\u00f3n con las instituciones intermedias, y las juventudes. La labor de referentes sociales, es muy importante ya que son quienes, junto al Estado, sostienen el tejido social en momentos tan complejos como los que estamos atravesando\u201d.<\/p>\n<p>La directora provincial del Santa Fe M\u00e1s, Mariana Recalde, manifest\u00f3: \u201cDesde la gesti\u00f3n provincial entendemos al Estado como algo que se construye conjuntamente con todos los actores sociales: sector privado, p\u00fablico, sindicatos y organizaciones sociales. Es por eso que llegamos a los territorios y barrios a trav\u00e9s de las organizaciones que conocen y est\u00e1n a disposici\u00f3n de las demandas de los j\u00f3venes, y a la vez articulamos con los diferentes ministerios\u201d.<\/p>\n<p>\u201cQueremos que los j\u00f3venes sean los protagonistas de la producci\u00f3n, el trabajo y el arraigo generado por el proyecto provincial en cada uno de los lugares que habitan\u201d; finaliz\u00f3 Recalde.<\/p>\n<p>Los talleres est\u00e1n pensados en m\u00f3dulos de tres meses con dos encuentros semanales, en los que se va aprendiendo mientras se hace. Luego, se lleva a cabo una etapa de egreso donde se acompa\u00f1a desde la \u00f3rbita oficial para que los participantes del programa puedan dar sus primeros pasos con miras a su inserci\u00f3n en el mundo laboral.<\/p>\n<p>Adem\u00e1s de los j\u00f3venes que participan del programa, los articuladores del mismo son, por una parte, los talleristas que adem\u00e1s de capacitar en el \u00e1rea espec\u00edfica hacen una labor de apoyo sosteniendo el proceso de ense\u00f1anza aprendizaje considerando los intereses y los proyectos de esas personas.<\/p>\n<p>A su vez, los acompa\u00f1antes participan fomentando nexos de confianza y de cuidado donde los y las j\u00f3venes puedan plantear las dificultades del curso, escuchar y ser escuchados.<\/p>\n<p>EN CIFRAS<\/p>\n<p>De acuerdo a los datos brindados desde el Ministerio, actualmente el Santa Fe M\u00e1s llega a 213 localidades de toda la provincia y del mismo participan 26.290 j\u00f3venes que se capacitan en distintos oficios, con 1572 talleres formativos en todo el territorio.<\/p>\n<p>Actualmente, el gobierno santafesino invierte 2.550 millones de pesos en el desarrollo del programa.<\/p>\n<p>Cabe mencionar que la tem\u00e1tica de los talleres formativos en los que las y los j\u00f3venes adquieren los conocimientos para poder luego desarrollarse laboralmente, son definidos a partir de los intereses y caracter\u00edsticas de cada comunidad y tambi\u00e9n a propuesta de las comunas, municipios u organizaciones sociales de cada lugar. Buscando a trav\u00e9s de esta potencialidad fomentar el arraigo mediante el apoyo a la econom\u00eda regional.<\/p>\n<p>LAS CAPACITACIONES<\/p>\n<p>Las capacitaciones de Santa Fe M\u00e1s van desde cursos sobre construcci\u00f3n, huerta, panificaci\u00f3n, cocina, textil, herrer\u00eda, electricidad, jardiner\u00eda, mec\u00e1nica, inform\u00e1tica y reparaciones, entre otras.<\/p>\n<p>Adem\u00e1s, se est\u00e1n llevando a cabo encuentros y exposiciones de las pol\u00edticas p\u00fablicas con representantes de c\u00e1maras empresariales, a los fines de ir vinculando a los egresados del programa con los segmentos emprendedores y empresarios para favorecer v\u00ednculos a nivel laboral.<\/p>\n<p>Las mismas tuvieron lugar hasta el momento en Armstrong, San Lorenzo, Puerto San Mart\u00edn y la ciudad de Rosario.<\/p>\n<p>Dentro del ciclo de seguimiento que se hace de los j\u00f3venes egresados de Santa Fe M\u00e1s, se verificaron casos de chicos y chicas que, a partir de su experiencia y capacitaci\u00f3n, comenzaron un emprendimiento econ\u00f3mico en rubros como taller de reparaciones, pasteler\u00eda, cocina y jardiner\u00eda.<\/p>\n<p>Adem\u00e1s, se registraron casos en que a partir de esta experiencia pudieron vincularse y comenzar a trabajar en empresas de diversos rubros como supermercados, bar, barber\u00eda, papeler\u00eda, hoteler\u00eda, jugueter\u00eda, est\u00e9tica, gastronom\u00eda, metalmec\u00e1nica, transporte y peluquer\u00eda, entre otros.<\/p>\n<p>&nbsp;<\/p>\n","protected":false},"excerpt":{"rendered":"<p>El programa Santa Fe M\u00e1s es una de las herramientas principales elaboradas desde el gobierno provincial para enfrentar los efectos sociales del actual contexto econ\u00f3mico. El mismo es ejecutado desde el Ministerio de Desarrollo Social, que encabeza Danilo Capitani, y apunta a la inclusi\u00f3n en el segmento de las y los j\u00f3venes de entre 18 [&hellip;]<\/p>\n","protected":false},"author":3,"featured_media":37095,"comment_status":"closed","ping_status":"closed","sticky":false,"template":"","format":"standard","meta":{"_joinchat":[],"footnotes":""},"categories":[60],"tags":[],"class_list":{"0":"post-37094","1":"post","2":"type-post","3":"status-publish","4":"format-standard","5":"has-post-thumbnail","7":"category-provinciales"},"_links":{"self":[{"href":"https:\/\/infovera.com.ar\/web\/wp-json\/wp\/v2\/posts\/37094","targetHints":{"allow":["GET"]}}],"collection":[{"href":"https:\/\/infovera.com.ar\/web\/wp-json\/wp\/v2\/posts"}],"about":[{"href":"https:\/\/infovera.com.ar\/web\/wp-json\/wp\/v2\/types\/post"}],"author":[{"embeddable":true,"href":"https:\/\/infovera.com.ar\/web\/wp-json\/wp\/v2\/users\/3"}],"replies":[{"embeddable":true,"href":"https:\/\/infovera.com.ar\/web\/wp-json\/wp\/v2\/comments?post=37094"}],"version-history":[{"count":0,"href":"https:\/\/infovera.com.ar\/web\/wp-json\/wp\/v2\/posts\/37094\/revisions"}],"wp:featuredmedia":[{"embeddable":true,"href":"https:\/\/infovera.com.ar\/web\/wp-json\/wp\/v2\/media\/37095"}],"wp:attachment":[{"href":"https:\/\/infovera.com.ar\/web\/wp-json\/wp\/v2\/media?parent=37094"}],"wp:term":[{"taxonomy":"category","embeddable":true,"href":"https:\/\/infovera.com.ar\/web\/wp-json\/wp\/v2\/categories?post=37094"},{"taxonomy":"post_tag","embeddable":true,"href":"https:\/\/infovera.com.ar\/web\/wp-json\/wp\/v2\/tags?post=37094"}],"curies":[{"name":"wp","href":"https:\/\/api.w.org\/{rel}","templated":true}]}}