{"id":37068,"date":"2022-07-24T19:00:36","date_gmt":"2022-07-24T22:00:36","guid":{"rendered":"https:\/\/infovera.com.ar\/web\/?p=37068"},"modified":"2022-07-26T10:46:47","modified_gmt":"2022-07-26T13:46:47","slug":"otro-vuelco-en-la-ruta-11-esta-vez-en-jurisdiccion-de-vera","status":"publish","type":"post","link":"https:\/\/infovera.com.ar\/web\/2022\/07\/24\/otro-vuelco-en-la-ruta-11-esta-vez-en-jurisdiccion-de-vera\/","title":{"rendered":"Otro vuelco en la Ruta 11, esta vez en jurisdicci\u00f3n de Vera"},"content":{"rendered":"<p><strong>A las 15:30, en la intersecci\u00f3n de Ruta Nacional 11 y Ruta 36,<\/strong> por causas que se tratan de establecer una camioneta Renault Oroch, guiada por un hombre de 36 a\u00f1os, domiciliado en la ciudad de Avellaneda, termin\u00f3 volcada en la banquina, sobre el zanj\u00f3n lado norte de la Ruta 11.<\/p>\n<p>El conductor, identificado como Gabriel Antonio Nard\u00edn, de 36 a\u00f1os, fue trasladado al Hospital local para su atenci\u00f3n m\u00e9dica.<\/p>\n","protected":false},"excerpt":{"rendered":"<p>A las 15:30, en la intersecci\u00f3n de Ruta Nacional 11 y Ruta 36, por causas que se tratan de establecer una camioneta Renault Oroch, guiada por un hombre de 36 a\u00f1os, domiciliado en la ciudad de Avellaneda, termin\u00f3 volcada en la banquina, sobre el zanj\u00f3n lado norte de la Ruta 11. El conductor, identificado como [&hellip;]<\/p>\n","protected":false},"author":3,"featured_media":37069,"comment_status":"closed","ping_status":"closed","sticky":false,"template":"","format":"standard","meta":{"_joinchat":[],"footnotes":""},"categories":[30,53],"tags":[],"class_list":{"0":"post-37068","1":"post","2":"type-post","3":"status-publish","4":"format-standard","5":"has-post-thumbnail","7":"category-policiales","8":"category-vera"},"_links":{"self":[{"href":"https:\/\/infovera.com.ar\/web\/wp-json\/wp\/v2\/posts\/37068","targetHints":{"allow":["GET"]}}],"collection":[{"href":"https:\/\/infovera.com.ar\/web\/wp-json\/wp\/v2\/posts"}],"about":[{"href":"https:\/\/infovera.com.ar\/web\/wp-json\/wp\/v2\/types\/post"}],"author":[{"embeddable":true,"href":"https:\/\/infovera.com.ar\/web\/wp-json\/wp\/v2\/users\/3"}],"replies":[{"embeddable":true,"href":"https:\/\/infovera.com.ar\/web\/wp-json\/wp\/v2\/comments?post=37068"}],"version-history":[{"count":0,"href":"https:\/\/infovera.com.ar\/web\/wp-json\/wp\/v2\/posts\/37068\/revisions"}],"wp:featuredmedia":[{"embeddable":true,"href":"https:\/\/infovera.com.ar\/web\/wp-json\/wp\/v2\/media\/37069"}],"wp:attachment":[{"href":"https:\/\/infovera.com.ar\/web\/wp-json\/wp\/v2\/media?parent=37068"}],"wp:term":[{"taxonomy":"category","embeddable":true,"href":"https:\/\/infovera.com.ar\/web\/wp-json\/wp\/v2\/categories?post=37068"},{"taxonomy":"post_tag","embeddable":true,"href":"https:\/\/infovera.com.ar\/web\/wp-json\/wp\/v2\/tags?post=37068"}],"curies":[{"name":"wp","href":"https:\/\/api.w.org\/{rel}","templated":true}]}}