{"id":36989,"date":"2022-07-20T17:05:26","date_gmt":"2022-07-20T20:05:26","guid":{"rendered":"https:\/\/infovera.com.ar\/web\/?p=36989"},"modified":"2022-07-20T17:05:26","modified_gmt":"2022-07-20T20:05:26","slug":"la-provincia-coordino-mecanismos-de-actuacion-frente-al-posible-corte-de-rutas","status":"publish","type":"post","link":"https:\/\/infovera.com.ar\/web\/2022\/07\/20\/la-provincia-coordino-mecanismos-de-actuacion-frente-al-posible-corte-de-rutas\/","title":{"rendered":"La provincia coordin\u00f3 mecanismos de actuaci\u00f3n frente al posible corte de rutas"},"content":{"rendered":"<p>Es en el marco de las medidas de fuerza anunciadas por la Federaci\u00f3n de Sindicatos de Trabajadores Municipales los d\u00edas 21 y 22 de julio.<\/p>\n<p>El gobierno de la provincia de Santa Fe, a trav\u00e9s de los ministerios de Seguridad y Gobierno, Justicia y Derechos Humanos, y representantes del Ministerio P\u00fablico de la Acusaci\u00f3n (MPA), llevaron a cabo una reuni\u00f3n para coordinar mecanismos de actuaci\u00f3n frente al posible corte de rutas, en el marco de las medidas de fuerza a realizarse por la Federaci\u00f3n de Sindicatos de Trabajadores Municipales (FESTRAM) los d\u00edas 21 y 22 de julio.<\/p>\n<p>De esta manera, atento los hechos acaecidos la semana pr\u00f3xima pasada, el gobierno de la provincia busca evitar acontecimientos que perturben el libre tr\u00e1nsito de la ciudadan\u00eda, dentro del \u00e1mbito de sus competencias.<\/p>\n","protected":false},"excerpt":{"rendered":"<p>Es en el marco de las medidas de fuerza anunciadas por la Federaci\u00f3n de Sindicatos de Trabajadores Municipales los d\u00edas 21 y 22 de julio. El gobierno de la provincia de Santa Fe, a trav\u00e9s de los ministerios de Seguridad y Gobierno, Justicia y Derechos Humanos, y representantes del Ministerio P\u00fablico de la Acusaci\u00f3n (MPA), [&hellip;]<\/p>\n","protected":false},"author":3,"featured_media":36990,"comment_status":"closed","ping_status":"closed","sticky":false,"template":"","format":"standard","meta":{"_joinchat":[],"footnotes":""},"categories":[27,60],"tags":[],"class_list":{"0":"post-36989","1":"post","2":"type-post","3":"status-publish","4":"format-standard","5":"has-post-thumbnail","7":"category-gremiales","8":"category-provinciales"},"_links":{"self":[{"href":"https:\/\/infovera.com.ar\/web\/wp-json\/wp\/v2\/posts\/36989","targetHints":{"allow":["GET"]}}],"collection":[{"href":"https:\/\/infovera.com.ar\/web\/wp-json\/wp\/v2\/posts"}],"about":[{"href":"https:\/\/infovera.com.ar\/web\/wp-json\/wp\/v2\/types\/post"}],"author":[{"embeddable":true,"href":"https:\/\/infovera.com.ar\/web\/wp-json\/wp\/v2\/users\/3"}],"replies":[{"embeddable":true,"href":"https:\/\/infovera.com.ar\/web\/wp-json\/wp\/v2\/comments?post=36989"}],"version-history":[{"count":0,"href":"https:\/\/infovera.com.ar\/web\/wp-json\/wp\/v2\/posts\/36989\/revisions"}],"wp:featuredmedia":[{"embeddable":true,"href":"https:\/\/infovera.com.ar\/web\/wp-json\/wp\/v2\/media\/36990"}],"wp:attachment":[{"href":"https:\/\/infovera.com.ar\/web\/wp-json\/wp\/v2\/media?parent=36989"}],"wp:term":[{"taxonomy":"category","embeddable":true,"href":"https:\/\/infovera.com.ar\/web\/wp-json\/wp\/v2\/categories?post=36989"},{"taxonomy":"post_tag","embeddable":true,"href":"https:\/\/infovera.com.ar\/web\/wp-json\/wp\/v2\/tags?post=36989"}],"curies":[{"name":"wp","href":"https:\/\/api.w.org\/{rel}","templated":true}]}}