{"id":36986,"date":"2022-07-20T16:58:42","date_gmt":"2022-07-20T19:58:42","guid":{"rendered":"https:\/\/infovera.com.ar\/web\/?p=36986"},"modified":"2022-07-20T16:58:42","modified_gmt":"2022-07-20T19:58:42","slug":"la-provincia-recomendo-inscribirse-en-el-registro-de-acceso-a-los-subsidios-de-energia","status":"publish","type":"post","link":"https:\/\/infovera.com.ar\/web\/2022\/07\/20\/la-provincia-recomendo-inscribirse-en-el-registro-de-acceso-a-los-subsidios-de-energia\/","title":{"rendered":"La provincia recomend\u00f3 inscribirse en el Registro de Acceso a los Subsidios de Energ\u00eda"},"content":{"rendered":"<p>El presidente de la Empresa Provincial de la Energ\u00eda (EPE), Mauricio Caussi, se refiri\u00f3 este mi\u00e9rcoles a la segmentaci\u00f3n de las tarifas de luz y gas dispuesta por el gobierno nacional, y al Registro de Acceso a los Subsidios a la Energ\u00eda (Rase) puesto en marcha el pasado viernes, que incluye la explicaci\u00f3n de plazos; datos a completar; la relaci\u00f3n con el domicilio; y las condiciones para seguir recibiendo la ayuda estatal, entre otras cuestiones.<\/p>\n<p>&nbsp;<\/p>\n<p>En ese marco, Caussi explic\u00f3 \u201cno es necesario por ahora que los usuarios se acerquen a las oficinas de la empresa. Lo m\u00e1s importante es que cada ciudadano que tiene a su cargo, o tendr\u00e1 en un futuro inmediato una factura de luz y de gas se inscriba en el Registro de Acceso a los Subsidios de Energ\u00eda. Para ello hay que tener a mano n\u00fameros de documento, Cuil, Cuit y las facturas correspondientes, donde se encuentran los datos solicitados como n\u00famero de medidor, la direcci\u00f3n y el n\u00famero de usuario\u201d, detall\u00f3.<\/p>\n<p>&nbsp;<\/p>\n<p>\u201cEl tr\u00e1mite dura 10 minutos y hay que responder con veracidad respecto de nuestros salarios y el grupo familiar, veh\u00edculos, propiedades, informaci\u00f3n sencilla y b\u00e1sica\u201d, advirti\u00f3 Caussi, al tiempo que aclar\u00f3 que \u201cno importa que la boleta est\u00e9 a nombre de otra persona\u201d.<\/p>\n<p>&nbsp;<\/p>\n<p>Asimismo, el funcionario consider\u00f3 que \u201cel gobierno nacional quiera acompa\u00f1ar con los subsidios a los sectores que m\u00e1s lo necesitan es una muy buena decisi\u00f3n para ir hacia un esquema m\u00e1s equitativo y eficiente\u201d, sostuvo.<\/p>\n<p>&nbsp;<\/p>\n<p>Finalmente, el presidente de la EPE inform\u00f3: \u201cLa tarifa que nosotros pagamos tiene tres componentes: el costo de la energ\u00eda nacional, el componente impositivo y el valor de la distribuci\u00f3n\u201d.<\/p>\n<p>&nbsp;<\/p>\n<p>\u201cLA GENTE NO SABE QUE TIENE LA ENERG\u00cdA SUBSIDIADA\u201d<\/p>\n<p>&nbsp;<\/p>\n<p>Por su parte, el presidente de ENERFE, Juan D\u2019Angelosante, explic\u00f3 que va a haber \u201ctres grandes divisiones en la segmentaci\u00f3n tarifaria: los que van a ir perdiendo muy de a poco los subsidios vigentes; los que van a mantener subsidios m\u00e1s acotados; y los que van a mantener plenamente el subsidio. Esto va a tener un impacto en la masa de subsidios que otorga el gobierno nacional de alrededor del 10 %. Mucha gente no sabe que hoy tiene todas las tarifas de la energ\u00eda subsidiada y que todos recibimos el subsidio\u201d, se\u00f1al\u00f3 el funcionario y afirm\u00f3 que, sin embargo, \u201chay gente que podr\u00eda pagar las tarifas y deber\u00edan hacerlo. Esta es la idea b\u00e1sica de la segmentaci\u00f3n tarifaria\u201d.<\/p>\n<p>&nbsp;<\/p>\n<p>\u201cAhora tenemos 15 d\u00edas para registrarnos en los distintos sitios oficiales del gobierno, donde se explica c\u00f3mo deben completarse los formularios. La declaraci\u00f3n jurada tiene el car\u00e1cter de tal, as\u00ed que no hay que colocar datos falsos, porque el Estado despu\u00e9s va a cruzar esos datos que ya est\u00e1n registrados en distintos estamentos\u201d, a\u00f1adi\u00f3 D\u2019Angelosante.<\/p>\n<p>&nbsp;<\/p>\n<p>Finalmente, el titular de ENERFE, consign\u00f3 que \u201cdesde el gobierno nacional se aclar\u00f3 que va a haber una etapa posterior en este proceso. Si un usuario sabe que est\u00e1 fuera del alcance del subsidio no tiene que completar el formulario; ahora, quienes tienen un ingreso alto pero, por diferentes cuestiones, consideran que tienen que percibir el subsidio, deben completar el formulario para poder reclamar el pago del subsidio en una etapa posterior\u201d.<\/p>\n<p>&nbsp;<\/p>\n<p>P\u00e1gina web del Registro de Acceso a los Subsidios a la Energ\u00eda (Rase): https:\/\/www.argentina.gob.ar\/subsidios<\/p>\n","protected":false},"excerpt":{"rendered":"<p>El presidente de la Empresa Provincial de la Energ\u00eda (EPE), Mauricio Caussi, se refiri\u00f3 este mi\u00e9rcoles a la segmentaci\u00f3n de las tarifas de luz y gas dispuesta por el gobierno nacional, y al Registro de Acceso a los Subsidios a la Energ\u00eda (Rase) puesto en marcha el pasado viernes, que incluye la explicaci\u00f3n de plazos; [&hellip;]<\/p>\n","protected":false},"author":3,"featured_media":36987,"comment_status":"closed","ping_status":"closed","sticky":false,"template":"","format":"standard","meta":{"_joinchat":[],"footnotes":""},"categories":[60],"tags":[],"class_list":{"0":"post-36986","1":"post","2":"type-post","3":"status-publish","4":"format-standard","5":"has-post-thumbnail","7":"category-provinciales"},"_links":{"self":[{"href":"https:\/\/infovera.com.ar\/web\/wp-json\/wp\/v2\/posts\/36986","targetHints":{"allow":["GET"]}}],"collection":[{"href":"https:\/\/infovera.com.ar\/web\/wp-json\/wp\/v2\/posts"}],"about":[{"href":"https:\/\/infovera.com.ar\/web\/wp-json\/wp\/v2\/types\/post"}],"author":[{"embeddable":true,"href":"https:\/\/infovera.com.ar\/web\/wp-json\/wp\/v2\/users\/3"}],"replies":[{"embeddable":true,"href":"https:\/\/infovera.com.ar\/web\/wp-json\/wp\/v2\/comments?post=36986"}],"version-history":[{"count":0,"href":"https:\/\/infovera.com.ar\/web\/wp-json\/wp\/v2\/posts\/36986\/revisions"}],"wp:featuredmedia":[{"embeddable":true,"href":"https:\/\/infovera.com.ar\/web\/wp-json\/wp\/v2\/media\/36987"}],"wp:attachment":[{"href":"https:\/\/infovera.com.ar\/web\/wp-json\/wp\/v2\/media?parent=36986"}],"wp:term":[{"taxonomy":"category","embeddable":true,"href":"https:\/\/infovera.com.ar\/web\/wp-json\/wp\/v2\/categories?post=36986"},{"taxonomy":"post_tag","embeddable":true,"href":"https:\/\/infovera.com.ar\/web\/wp-json\/wp\/v2\/tags?post=36986"}],"curies":[{"name":"wp","href":"https:\/\/api.w.org\/{rel}","templated":true}]}}