{"id":36980,"date":"2022-07-20T14:40:37","date_gmt":"2022-07-20T17:40:37","guid":{"rendered":"https:\/\/infovera.com.ar\/web\/?p=36980"},"modified":"2022-07-20T14:40:37","modified_gmt":"2022-07-20T17:40:37","slug":"el-chino-maidana-vuelve-a-ponerse-los-guantes","status":"publish","type":"post","link":"https:\/\/infovera.com.ar\/web\/2022\/07\/20\/el-chino-maidana-vuelve-a-ponerse-los-guantes\/","title":{"rendered":"El Chino Maidana vuelve a ponerse los guantes"},"content":{"rendered":"<p><strong>Marcos Ren\u00e9 Chino Maidana pelear\u00e1 contra otro bicampe\u00f3n mundial, el brasile\u00f1o Acelino Popo Freitas.<\/strong><\/p>\n<p>Tras barajar much\u00edsimos nombres, Marcos Ren\u00e9\u00a0Maidana\u00a0se decidi\u00f3 por Acelino Freitas. Pens\u00f3 en \u00d3scar De La Hoya, Amir Khan, y hasta en el youtuber Yao Cabrera, pero nunca concret\u00f3.<\/p>\n<p>Con 39 a\u00f1os y otros ocho fuera del\u00a0boxeo\u00a0profesional, Marcos Maidana se entrena a diario para poder cumplir su sue\u00f1o de volver a combatir. Su fiel y ferviente afici\u00f3n lo espera con ansias.<\/p>\n<p>Maidana tuvo su \u00faltima presentaci\u00f3n el 13 de septiembre de 2014 en el MGM Grand de Las Vegas, para su revancha con Floyd Mayweather. Cay\u00f3 por decisi\u00f3n un\u00e1nime, y decidi\u00f3 retirarse.<\/p>\n<p>Con la premisa de cambiar las condiciones para los boxeadores y que ganen como se merecen, Marcos Maidana le dio inicio a su promotora a fines del a\u00f1o 2018. Con varias veladas en el lomo, y el apoyo incondicional del CEO de la compa\u00f1\u00eda, Jorge Acero Cali, el Chino emprendi\u00f3 un camino ya conocido, pero desde el lado de manager. Si bien perdi\u00f3 a su ladero, por el fallecimiento del ex deportista en 2021, el oriundo de Margarita nunca dej\u00f3 de pensar en el deporte de los pu\u00f1os.<\/p>\n<p>Hoy en d\u00eda, el exboxeador cuenta con varios p\u00fagiles en su escuadra, que ya pasaron de ser promesas a realidad. Uno de los m\u00e1s reconocidos es Fernando Pumita Mart\u00ednez, quien se consagr\u00f3 campe\u00f3n del mundo en febrero del 2022. Tambi\u00e9n, integra su equipo el campe\u00f3n ol\u00edmpico en los Juegos de la Juventud Buenos Aires 2018, Brian Arregui, y uno de los que combati\u00f3 en los Juegos Ol\u00edmpicos de Tokio, Francisco Bebu Ver\u00f3n, con una enorme proyecci\u00f3n a futuro.<\/p>\n<p><strong>El Chino Maidana prepara su pr\u00f3xima\u00a0pelea<\/strong><\/p>\n<p>Marcos Ren\u00e9 Maidana est\u00e1 en pleno desarrollo de su faceta de productor y promotor de eventos de boxeo. A\u00fan as\u00ed, se hace un espacio por d\u00eda para pasar por el gimnasio, y entrenar.<\/p>\n<p>El combate entre Marcos Maidana y Acelino Freitas se realizar\u00e1 en Miami, Florida, el pr\u00f3ximo 27 de octubre. Ser\u00e1 a ocho rounds, sin la utilizaci\u00f3n de cabezales, y ante miles de espectadores.<\/p>\n<p>Adem\u00e1s, el peso pactado para el enfrentamiento que protagonizar\u00e1n Maidana y Freitas contar\u00e1 con un l\u00edmite de 70 kilogramos, equivalente exacto a 154.3 libras.<\/p>\n<p>Rodrigo Calabrese, entrenador del campe\u00f3n mundial Fernando Puma Mart\u00ednez y de Agust\u00edn Avi\u00f3n Gauto, est\u00e1 a cargo de preparar al Chino para el desaf\u00edo venidero.<\/p>\n","protected":false},"excerpt":{"rendered":"<p>Marcos Ren\u00e9 Chino Maidana pelear\u00e1 contra otro bicampe\u00f3n mundial, el brasile\u00f1o Acelino Popo Freitas. Tras barajar much\u00edsimos nombres, Marcos Ren\u00e9\u00a0Maidana\u00a0se decidi\u00f3 por Acelino Freitas. Pens\u00f3 en \u00d3scar De La Hoya, Amir Khan, y hasta en el youtuber Yao Cabrera, pero nunca concret\u00f3. Con 39 a\u00f1os y otros ocho fuera del\u00a0boxeo\u00a0profesional, Marcos Maidana se entrena a [&hellip;]<\/p>\n","protected":false},"author":3,"featured_media":36982,"comment_status":"closed","ping_status":"closed","sticky":false,"template":"","format":"standard","meta":{"_joinchat":[],"footnotes":""},"categories":[33,31],"tags":[],"class_list":{"0":"post-36980","1":"post","2":"type-post","3":"status-publish","4":"format-standard","5":"has-post-thumbnail","7":"category-boxeo","8":"category-deportes"},"_links":{"self":[{"href":"https:\/\/infovera.com.ar\/web\/wp-json\/wp\/v2\/posts\/36980","targetHints":{"allow":["GET"]}}],"collection":[{"href":"https:\/\/infovera.com.ar\/web\/wp-json\/wp\/v2\/posts"}],"about":[{"href":"https:\/\/infovera.com.ar\/web\/wp-json\/wp\/v2\/types\/post"}],"author":[{"embeddable":true,"href":"https:\/\/infovera.com.ar\/web\/wp-json\/wp\/v2\/users\/3"}],"replies":[{"embeddable":true,"href":"https:\/\/infovera.com.ar\/web\/wp-json\/wp\/v2\/comments?post=36980"}],"version-history":[{"count":0,"href":"https:\/\/infovera.com.ar\/web\/wp-json\/wp\/v2\/posts\/36980\/revisions"}],"wp:featuredmedia":[{"embeddable":true,"href":"https:\/\/infovera.com.ar\/web\/wp-json\/wp\/v2\/media\/36982"}],"wp:attachment":[{"href":"https:\/\/infovera.com.ar\/web\/wp-json\/wp\/v2\/media?parent=36980"}],"wp:term":[{"taxonomy":"category","embeddable":true,"href":"https:\/\/infovera.com.ar\/web\/wp-json\/wp\/v2\/categories?post=36980"},{"taxonomy":"post_tag","embeddable":true,"href":"https:\/\/infovera.com.ar\/web\/wp-json\/wp\/v2\/tags?post=36980"}],"curies":[{"name":"wp","href":"https:\/\/api.w.org\/{rel}","templated":true}]}}