{"id":36976,"date":"2022-07-20T13:07:33","date_gmt":"2022-07-20T16:07:33","guid":{"rendered":"https:\/\/infovera.com.ar\/web\/?p=36976"},"modified":"2022-07-22T21:23:40","modified_gmt":"2022-07-23T00:23:40","slug":"chediac-asumio-la-direccion-del-hospital-de-calchaqui","status":"publish","type":"post","link":"https:\/\/infovera.com.ar\/web\/2022\/07\/20\/chediac-asumio-la-direccion-del-hospital-de-calchaqui\/","title":{"rendered":"Chediac asumi\u00f3 la direcci\u00f3n del Hospital de Calchaqu\u00ed"},"content":{"rendered":"<p><strong>El Dr. Eduardo Chediac asumi\u00f3 como nuevo director del hospital local.<\/strong><\/p>\n<p>Lo acompa\u00f1aron el intendente, Rub\u00e9n Cuello, la jefa Regional de Salud del Dpto. Vera, Dra. Beatriz Villa, la titular de la Regi\u00f3n de Salud, Dra. Leira Mansur, representantes del SAMCo, del equipo de trabajo de este centro de salud y de otras instituciones.<\/p>\n<p>&#8220;Felicitamos al Dr. Chediac por asumir este compromiso y le deseamos mucho \u00e9xito en su gesti\u00f3n&#8221;, expresaron desdel municipio.<\/p>\n","protected":false},"excerpt":{"rendered":"<p>El Dr. Eduardo Chediac asumi\u00f3 como nuevo director del hospital local. Lo acompa\u00f1aron el intendente, Rub\u00e9n Cuello, la jefa Regional de Salud del Dpto. Vera, Dra. Beatriz Villa, la titular de la Regi\u00f3n de Salud, Dra. Leira Mansur, representantes del SAMCo, del equipo de trabajo de este centro de salud y de otras instituciones. &#8220;Felicitamos [&hellip;]<\/p>\n","protected":false},"author":3,"featured_media":36977,"comment_status":"closed","ping_status":"closed","sticky":false,"template":"","format":"standard","meta":{"_joinchat":[],"footnotes":""},"categories":[52],"tags":[],"class_list":{"0":"post-36976","1":"post","2":"type-post","3":"status-publish","4":"format-standard","5":"has-post-thumbnail","7":"category-calchaqui"},"_links":{"self":[{"href":"https:\/\/infovera.com.ar\/web\/wp-json\/wp\/v2\/posts\/36976","targetHints":{"allow":["GET"]}}],"collection":[{"href":"https:\/\/infovera.com.ar\/web\/wp-json\/wp\/v2\/posts"}],"about":[{"href":"https:\/\/infovera.com.ar\/web\/wp-json\/wp\/v2\/types\/post"}],"author":[{"embeddable":true,"href":"https:\/\/infovera.com.ar\/web\/wp-json\/wp\/v2\/users\/3"}],"replies":[{"embeddable":true,"href":"https:\/\/infovera.com.ar\/web\/wp-json\/wp\/v2\/comments?post=36976"}],"version-history":[{"count":0,"href":"https:\/\/infovera.com.ar\/web\/wp-json\/wp\/v2\/posts\/36976\/revisions"}],"wp:featuredmedia":[{"embeddable":true,"href":"https:\/\/infovera.com.ar\/web\/wp-json\/wp\/v2\/media\/36977"}],"wp:attachment":[{"href":"https:\/\/infovera.com.ar\/web\/wp-json\/wp\/v2\/media?parent=36976"}],"wp:term":[{"taxonomy":"category","embeddable":true,"href":"https:\/\/infovera.com.ar\/web\/wp-json\/wp\/v2\/categories?post=36976"},{"taxonomy":"post_tag","embeddable":true,"href":"https:\/\/infovera.com.ar\/web\/wp-json\/wp\/v2\/tags?post=36976"}],"curies":[{"name":"wp","href":"https:\/\/api.w.org\/{rel}","templated":true}]}}