{"id":36907,"date":"2022-07-18T12:52:40","date_gmt":"2022-07-18T15:52:40","guid":{"rendered":"https:\/\/infovera.com.ar\/web\/?p=36907"},"modified":"2022-07-19T13:05:59","modified_gmt":"2022-07-19T16:05:59","slug":"se-enfria-la-esperanza-del-puente-reconquista-goya-tras-un-anuncio-de-alberto-fernandez","status":"publish","type":"post","link":"https:\/\/infovera.com.ar\/web\/2022\/07\/18\/se-enfria-la-esperanza-del-puente-reconquista-goya-tras-un-anuncio-de-alberto-fernandez\/","title":{"rendered":"Se enfr\u00eda la esperanza de construir el puente Reconquista-Goya tras un anuncio de Alberto Fern\u00e1ndez"},"content":{"rendered":"<p><strong>El presidente Alberto Fern\u00e1ndez afirm\u00f3 este lunes, al presentar el plan de obras &#8220;Argentina Grande&#8221;, que\u00a0su gesti\u00f3n es la de un &#8220;Estado presente que no deja en manos privadas lo que el Estado debe hacer&#8221;, a la vez que ponder\u00f3 que &#8220;la obra p\u00fablica es un gran motor para generar trabajo&#8221;.<\/strong><\/p>\n<p>En un acto en el Museo del Bicentenario de Casa Rosada, Fern\u00e1ndez anunci\u00f3, junto al jefe de Gabinete, Juan Manzur, y el ministro de Obras P\u00fablicas, Gabriel Katopodis, siete obras de las 120 estrat\u00e9gicas de &#8220;Argentina Grande, el Plan de Obras P\u00fablicas para el Desarrollo de la Naci\u00f3n&#8221; que ya tiene 5.000 obras en ejecuci\u00f3n.<\/p>\n<p>Estas primeras obras que se ponen en marcha se desarrollan en siete provincias del pa\u00eds por una inversi\u00f3n total de $71.282 millones.<\/p>\n<p>Entre esas obras anunciadas, el Presidente cit\u00f3 el nuevo puente Chaco-Corrientes. Desde el Chaco, el gobernador Capitanich expres\u00f3 su satisfacci\u00f3n por anunciar las obras de un nuevo puente entre Chaco y Corrientes, a las que calific\u00f3 de &#8220;estrat\u00e9gica&#8221; y que servir\u00e1 para el &#8220;corredor bioce\u00e1nico&#8221;.<\/p>\n<p>Con este anuncio, la esperanza de hacer realidad el puente Reconquista-Goya, por cual hace un par de meses hubo reuniones entre autoridades de las dos orillas, ingresa en un campo de dudas ya que la Naci\u00f3n prioriz\u00f3 la segunda uni\u00f3n f\u00edsica entre chaque\u00f1os y correntinos.<\/p>\n","protected":false},"excerpt":{"rendered":"<p>El presidente Alberto Fern\u00e1ndez afirm\u00f3 este lunes, al presentar el plan de obras &#8220;Argentina Grande&#8221;, que\u00a0su gesti\u00f3n es la de un &#8220;Estado presente que no deja en manos privadas lo que el Estado debe hacer&#8221;, a la vez que ponder\u00f3 que &#8220;la obra p\u00fablica es un gran motor para generar trabajo&#8221;. En un acto en [&hellip;]<\/p>\n","protected":false},"author":3,"featured_media":36908,"comment_status":"closed","ping_status":"closed","sticky":false,"template":"","format":"standard","meta":{"_joinchat":[],"footnotes":""},"categories":[55],"tags":[],"class_list":{"0":"post-36907","1":"post","2":"type-post","3":"status-publish","4":"format-standard","5":"has-post-thumbnail","7":"category-reconquista"},"_links":{"self":[{"href":"https:\/\/infovera.com.ar\/web\/wp-json\/wp\/v2\/posts\/36907","targetHints":{"allow":["GET"]}}],"collection":[{"href":"https:\/\/infovera.com.ar\/web\/wp-json\/wp\/v2\/posts"}],"about":[{"href":"https:\/\/infovera.com.ar\/web\/wp-json\/wp\/v2\/types\/post"}],"author":[{"embeddable":true,"href":"https:\/\/infovera.com.ar\/web\/wp-json\/wp\/v2\/users\/3"}],"replies":[{"embeddable":true,"href":"https:\/\/infovera.com.ar\/web\/wp-json\/wp\/v2\/comments?post=36907"}],"version-history":[{"count":0,"href":"https:\/\/infovera.com.ar\/web\/wp-json\/wp\/v2\/posts\/36907\/revisions"}],"wp:featuredmedia":[{"embeddable":true,"href":"https:\/\/infovera.com.ar\/web\/wp-json\/wp\/v2\/media\/36908"}],"wp:attachment":[{"href":"https:\/\/infovera.com.ar\/web\/wp-json\/wp\/v2\/media?parent=36907"}],"wp:term":[{"taxonomy":"category","embeddable":true,"href":"https:\/\/infovera.com.ar\/web\/wp-json\/wp\/v2\/categories?post=36907"},{"taxonomy":"post_tag","embeddable":true,"href":"https:\/\/infovera.com.ar\/web\/wp-json\/wp\/v2\/tags?post=36907"}],"curies":[{"name":"wp","href":"https:\/\/api.w.org\/{rel}","templated":true}]}}