{"id":36825,"date":"2022-07-15T07:26:29","date_gmt":"2022-07-15T10:26:29","guid":{"rendered":"https:\/\/infovera.com.ar\/web\/?p=36825"},"modified":"2022-07-15T07:26:29","modified_gmt":"2022-07-15T10:26:29","slug":"arranca-la-6-fecha-de-la-liga-verense-de-futbol","status":"publish","type":"post","link":"https:\/\/infovera.com.ar\/web\/2022\/07\/15\/arranca-la-6-fecha-de-la-liga-verense-de-futbol\/","title":{"rendered":"Arranca la 6\u00b0 fecha de la Liga Verense de F\u00fatbol"},"content":{"rendered":"<p>En ambas zonas (norte y sur), arranca la 6\u00b0 fecha de la Liga Verense de F\u00fatbol, el d\u00eda s\u00e1bado 16 de julio, con dos partidos en Zona Norte y uno en Zona Sur.<\/p>\n<p>El domingo 17, se termina la fecha con los dem\u00e1s partidos, quedando postergado el partido de Estudiantes vs Ferro por Copa Santa Fe y de Hurac\u00e1n de la Criolla vs Central SJ.<\/p>\n<p>Dejamos los partidos y horarios<\/p>\n","protected":false},"excerpt":{"rendered":"<p>En ambas zonas (norte y sur), arranca la 6\u00b0 fecha de la Liga Verense de F\u00fatbol, el d\u00eda s\u00e1bado 16 de julio, con dos partidos en Zona Norte y uno en Zona Sur. El domingo 17, se termina la fecha con los dem\u00e1s partidos, quedando postergado el partido de Estudiantes vs Ferro por Copa Santa [&hellip;]<\/p>\n","protected":false},"author":3,"featured_media":36823,"comment_status":"closed","ping_status":"closed","sticky":false,"template":"","format":"standard","meta":{"_joinchat":[],"footnotes":""},"categories":[31,51],"tags":[],"class_list":{"0":"post-36825","1":"post","2":"type-post","3":"status-publish","4":"format-standard","5":"has-post-thumbnail","7":"category-deportes","8":"category-locales"},"_links":{"self":[{"href":"https:\/\/infovera.com.ar\/web\/wp-json\/wp\/v2\/posts\/36825","targetHints":{"allow":["GET"]}}],"collection":[{"href":"https:\/\/infovera.com.ar\/web\/wp-json\/wp\/v2\/posts"}],"about":[{"href":"https:\/\/infovera.com.ar\/web\/wp-json\/wp\/v2\/types\/post"}],"author":[{"embeddable":true,"href":"https:\/\/infovera.com.ar\/web\/wp-json\/wp\/v2\/users\/3"}],"replies":[{"embeddable":true,"href":"https:\/\/infovera.com.ar\/web\/wp-json\/wp\/v2\/comments?post=36825"}],"version-history":[{"count":0,"href":"https:\/\/infovera.com.ar\/web\/wp-json\/wp\/v2\/posts\/36825\/revisions"}],"wp:featuredmedia":[{"embeddable":true,"href":"https:\/\/infovera.com.ar\/web\/wp-json\/wp\/v2\/media\/36823"}],"wp:attachment":[{"href":"https:\/\/infovera.com.ar\/web\/wp-json\/wp\/v2\/media?parent=36825"}],"wp:term":[{"taxonomy":"category","embeddable":true,"href":"https:\/\/infovera.com.ar\/web\/wp-json\/wp\/v2\/categories?post=36825"},{"taxonomy":"post_tag","embeddable":true,"href":"https:\/\/infovera.com.ar\/web\/wp-json\/wp\/v2\/tags?post=36825"}],"curies":[{"name":"wp","href":"https:\/\/api.w.org\/{rel}","templated":true}]}}