{"id":36800,"date":"2022-07-14T16:04:38","date_gmt":"2022-07-14T19:04:38","guid":{"rendered":"https:\/\/infovera.com.ar\/web\/?p=36800"},"modified":"2022-07-14T16:04:38","modified_gmt":"2022-07-14T19:04:38","slug":"la-provincia-recomienda-vacunarse-contra-el-sarampion-ante-la-nueva-alerta-nacional","status":"publish","type":"post","link":"https:\/\/infovera.com.ar\/web\/2022\/07\/14\/la-provincia-recomienda-vacunarse-contra-el-sarampion-ante-la-nueva-alerta-nacional\/","title":{"rendered":"La provincia recomienda vacunarse contra el sarampi\u00f3n ante la nueva alerta nacional"},"content":{"rendered":"<p>La provincia de Santa Fe, a trav\u00e9s del Ministerio de Salud, record\u00f3 la importancia de vacunarse contra el sarampi\u00f3n, luego de que la cartera sanitaria nacional emitiera una nueva alerta. Esto sucedi\u00f3 ante la confirmaci\u00f3n de un caso de esta enfermedad en una ni\u00f1a residente en el partido de Vicente L\u00f3pez, Buenos Aires, que estuvo en contacto con un adulto proveniente de un viaje por Europa y \u00c1frica.<\/p>\n<p>&nbsp;<\/p>\n<p>\u201cLa vacuna establecida por calendario nacional, gratuito y obligatorio, se debe aplicar a los 12 meses de vida y un refuerzo a los cinco o seis a\u00f1os, coincidiendo con el ingreso escolar\u201d, record\u00f3 la coordinadora de Epidemiolog\u00eda de la provincia en la regi\u00f3n sur, Florencia Galatti.<\/p>\n<p>&nbsp;<\/p>\n<p>\u201cNaci\u00f3n emiti\u00f3 ayer un alerta ante la confirmaci\u00f3n de este caso de sarampi\u00f3n en una ni\u00f1a que hab\u00eda estado en contacto con una persona con antecedente de viaje por Europa y \u00c1frica, por lo que se trata de un caso con vinculaci\u00f3n a un viaje y no de transmisi\u00f3n local\u201d, dijo Galatti.<\/p>\n<p>&nbsp;<\/p>\n<p>\u201cNo obstante \u2013enfatiz\u00f3\u2013 se llama a la conciencia de la poblaci\u00f3n para que se apliquen las vacunas de calendario obligatorio y gratuito, y al sistema de salud tanto p\u00fablico como privado para fortalecer la vigilancia epidemiol\u00f3gica y el control de esta enfermedad febril exantem\u00e1tica; tambi\u00e9n, a los equipos de salud a informar a la poblaci\u00f3n, y a recomendar verificar y completar los esquemas de inmunizaci\u00f3n\u201d.<\/p>\n<p>&nbsp;<\/p>\n<p>GRAVE Y POTENCIALMENTE MORTAL<\/p>\n<p>&nbsp;<\/p>\n<p>Mientras tanto, desde Salud de la Naci\u00f3n recordaron que \u201cel sarampi\u00f3n es una enfermedad viral aguda potencialmente grave, transmisible y extremadamente contagiosa. \u201cA pesar de contar con una vacuna segura y altamente eficaz, el sarampi\u00f3n sigue siendo una de las principales causas de mortalidad en la infancia a nivel mundial. La tasa de letalidad por sarampi\u00f3n es m\u00e1s alta en los ni\u00f1os menores de 12 meses\u201d.<\/p>\n<p>&nbsp;<\/p>\n<p>\u201cLa enfermedad en su forma end\u00e9mica (transmisi\u00f3n local, comunitaria) fue erradicada gracias a la vacunaci\u00f3n en el a\u00f1o 2000. Desde entonces solo se reportaron algunos casos aislados, siempre con antecedente de viaje o v\u00ednculo con personas que hab\u00edan viajado. Ahora otra vez el sistema de salud est\u00e1 en alerta porque el riesgo de reintroducci\u00f3n de la enfermedad est\u00e1 latente\u201d, agreg\u00f3 la responsable provincial de Epidemiolog\u00eda en la regi\u00f3n.<\/p>\n<p>&nbsp;<\/p>\n<p>Tambi\u00e9n, Galatti advirti\u00f3 que \u201csi bien en toda la regi\u00f3n de Las Am\u00e9ricas la enfermedad fue erradicada gracias a las vacunas, en pa\u00edses lim\u00edtrofes como Brasil el reporte de casos fue en aumento en los \u00faltimos a\u00f1os y se constat\u00f3 su reintroducci\u00f3n de forma end\u00e9mica, por lo cual nos obliga a incrementar todos los cuidados\u201d.<\/p>\n<p>&nbsp;<\/p>\n<p>SITUACI\u00d3N MUNDIAL<\/p>\n<p>&nbsp;<\/p>\n<p>Profundizando, Galatti record\u00f3 que la regi\u00f3n de las Am\u00e9ricas certific\u00f3 la eliminaci\u00f3n de la circulaci\u00f3n end\u00e9mica del virus del sarampi\u00f3n en el a\u00f1o 2016, siendo la primera y \u00fanica en lograr este objetivo.<\/p>\n<p>&nbsp;<\/p>\n<p>Sin embargo, como el sarampi\u00f3n a\u00fan es end\u00e9mico en el resto del mundo, los pa\u00edses de la regi\u00f3n est\u00e1n expuestos a la amenaza constante de importaci\u00f3n del virus.<\/p>\n<p>&nbsp;<\/p>\n<p>\u201cEn el per\u00edodo 2017-2019 se registraron m\u00e1s de 40.000 casos en 18 pa\u00edses de las Am\u00e9ricas, 93% de los casos en Brasil y Venezuela. En estos pa\u00edses la circulaci\u00f3n viral se extendi\u00f3 m\u00e1s de un a\u00f1o, perdiendo el estado de eliminaci\u00f3n en 2018 y 2019 respectivamente. La Regi\u00f3n se dej\u00f3 de considerar libre de sarampi\u00f3n, pero 33 de sus 35 pa\u00edses miembros, incluida Argentina, contin\u00faan manteniendo el estado de eliminaci\u00f3n. A la fecha Venezuela logr\u00f3 interrumpir la circulaci\u00f3n viral y se encuentra en v\u00edas de reverificaci\u00f3n, mientras que Brasil contin\u00faa con circulaci\u00f3n end\u00e9mica\u201d, sintetiz\u00f3 Floencia Galatti sobre la base de datos expuestos en el reciente alerta.<\/p>\n<p>&nbsp;<\/p>\n<p>PREVENCI\u00d3N<\/p>\n<p>&nbsp;<\/p>\n<p>De este modo, todas las personas desde el a\u00f1o de vida deben tener esquema de vacunaci\u00f3n completo contra el sarampi\u00f3n y la rub\u00e9ola, seg\u00fan Calendario Nacional de Vacunaci\u00f3n:<\/p>\n<p>&nbsp;<\/p>\n<p>\u25cf De 12 meses a 4 a\u00f1os: deben acreditar UNA DOSIS de vacuna triple viral.<\/p>\n<p>&nbsp;<\/p>\n<p>\u25cf Mayores de 5 a\u00f1os, adolescentes y adultos deben acreditar al menos DOS DOSIS de vacuna con componente contra sarampi\u00f3n y rub\u00e9ola aplicada despu\u00e9s del a\u00f1o de vida (doble o triple viral) o contar con serolog\u00eda IgG positiva para sarampi\u00f3n.<\/p>\n<p>&nbsp;<\/p>\n<p>\u25cf Las personas nacidas antes de 1965 se consideran inmunes y no necesitan vacunarse.<\/p>\n<p>&nbsp;<\/p>\n<p>Para residentes de Argentina que viajen al exterior:<\/p>\n<p>&nbsp;<\/p>\n<p>\u25cf Ni\u00f1os y ni\u00f1as de 6 a 11 meses de vida: deben recibir UNA DOSIS de vacuna doble viral o triple viral (\u201cdosis cero\u201d). Esta dosis no debe ser tenida en cuenta como esquemade vacunaci\u00f3n de calendario.<\/p>\n<p>&nbsp;<\/p>\n<p>\u25cf Ni\u00f1os y ni\u00f1as de 12 meses: Deben recibir UNA DOSIS correspondiente al calendari<\/p>\n<p>&nbsp;<\/p>\n<p>\u25cf Ni\u00f1os y ni\u00f1as de 13 meses a 4 a\u00f1os inclusive: deben acreditar al menos DOS DOSIS de vacuna triple vira<\/p>\n<p>&nbsp;<\/p>\n<p>\u25cf Mayores de 5 a\u00f1os, adolescentes y personas adultas: deben acreditar al menos DOS DOSIS de vacuna con componente contra el sarampi\u00f3n (monovalente, doble o triple viral) aplicada despu\u00e9s del a\u00f1o de vida o confirmar a trav\u00e9s de un estudio de laboratorio la presencia de anticuerpos contra sarampi\u00f3n (serolog\u00eda IgG+ contra sarampi\u00f3n<\/p>\n<p>&nbsp;<\/p>\n<p>\u25cf Las personas nacidas antes de 1965 son consideradas inmunes y no deben vacunars<\/p>\n<p>&nbsp;<\/p>\n<p>\u25cf Persona gestantes: Se recomienda viajar si acreditan al menos DOS DOSIS de vacuna con componente antisarampionoso (doble o triple viral) aplicada despu\u00e9s del a\u00f1o de vida o confirmar a trav\u00e9s de un estudio de laboratorio la presencia de anticuerpos contra sarampi\u00f3n (serolog\u00eda IgG+ contra sarampi\u00f3n<\/p>\n<p>&nbsp;<\/p>\n<p>\u25cf Se aconseja considerar aplazar y\/o reprogramar el viaje en embarazadas sin antecedentes comprobables de vacunaci\u00f3n o sin anticuerpos contra el sarampi\u00f3n, as\u00ed como en menores de 6 meses de vida por no poder recibir la vacuna y ser el grupo de mayor vulnerabilidad.).e.).l.o.<\/p>\n","protected":false},"excerpt":{"rendered":"<p>La provincia de Santa Fe, a trav\u00e9s del Ministerio de Salud, record\u00f3 la importancia de vacunarse contra el sarampi\u00f3n, luego de que la cartera sanitaria nacional emitiera una nueva alerta. Esto sucedi\u00f3 ante la confirmaci\u00f3n de un caso de esta enfermedad en una ni\u00f1a residente en el partido de Vicente L\u00f3pez, Buenos Aires, que estuvo [&hellip;]<\/p>\n","protected":false},"author":3,"featured_media":36801,"comment_status":"closed","ping_status":"closed","sticky":false,"template":"","format":"standard","meta":{"_joinchat":[],"footnotes":""},"categories":[60],"tags":[],"class_list":{"0":"post-36800","1":"post","2":"type-post","3":"status-publish","4":"format-standard","5":"has-post-thumbnail","7":"category-provinciales"},"_links":{"self":[{"href":"https:\/\/infovera.com.ar\/web\/wp-json\/wp\/v2\/posts\/36800","targetHints":{"allow":["GET"]}}],"collection":[{"href":"https:\/\/infovera.com.ar\/web\/wp-json\/wp\/v2\/posts"}],"about":[{"href":"https:\/\/infovera.com.ar\/web\/wp-json\/wp\/v2\/types\/post"}],"author":[{"embeddable":true,"href":"https:\/\/infovera.com.ar\/web\/wp-json\/wp\/v2\/users\/3"}],"replies":[{"embeddable":true,"href":"https:\/\/infovera.com.ar\/web\/wp-json\/wp\/v2\/comments?post=36800"}],"version-history":[{"count":0,"href":"https:\/\/infovera.com.ar\/web\/wp-json\/wp\/v2\/posts\/36800\/revisions"}],"wp:featuredmedia":[{"embeddable":true,"href":"https:\/\/infovera.com.ar\/web\/wp-json\/wp\/v2\/media\/36801"}],"wp:attachment":[{"href":"https:\/\/infovera.com.ar\/web\/wp-json\/wp\/v2\/media?parent=36800"}],"wp:term":[{"taxonomy":"category","embeddable":true,"href":"https:\/\/infovera.com.ar\/web\/wp-json\/wp\/v2\/categories?post=36800"},{"taxonomy":"post_tag","embeddable":true,"href":"https:\/\/infovera.com.ar\/web\/wp-json\/wp\/v2\/tags?post=36800"}],"curies":[{"name":"wp","href":"https:\/\/api.w.org\/{rel}","templated":true}]}}