{"id":36794,"date":"2022-07-14T13:52:35","date_gmt":"2022-07-14T16:52:35","guid":{"rendered":"https:\/\/infovera.com.ar\/web\/?p=36794"},"modified":"2022-07-16T14:00:33","modified_gmt":"2022-07-16T17:00:33","slug":"banco-santa-fe-inauguro-un-cajero-en-margarita","status":"publish","type":"post","link":"https:\/\/infovera.com.ar\/web\/2022\/07\/14\/banco-santa-fe-inauguro-un-cajero-en-margarita\/","title":{"rendered":"Banco Santa Fe inaugur\u00f3 un cajero en Margarita"},"content":{"rendered":"<p>La entidad dej\u00f3 inaugurado el nuevo cajero en una dependencia ubicada por Avenida Santa Fe al 2000 de la localidad.<\/p>\n<p>Estuvo presente el gerente general Luis Nu\u00f1ez, que junto al presidente comunal Ariel Bola\u00f1o desataron las cintas inaugurales.<\/p>\n<p>Bola\u00f1o agradeci\u00f3 la acci\u00f3n de las autoridades del BSF por acompa\u00f1ar el crecimiento de Margarita y dijo que el sue\u00f1o es contar con una sucursal bancaria en Margarita.<\/p>\n<p>Nu\u00f1ez, por su parte, destac\u00f3 la pluralidad de servicios que pueden tramitarse ante el nuevo terminal y dijo que BSF est\u00e1 presente a lo largo y ancho de la provincia.<\/p>\n<p>Estuvieron presentes representantes de instituciones intermedias y fuerzas vivas de Margarita.<\/p>\n<p><iframe loading=\"lazy\" title=\"Banco Santa Fe inaugur\u00f3 un cajero en Margarita\" width=\"696\" height=\"392\" src=\"https:\/\/www.youtube.com\/embed\/ZNKP7e3ayu8?feature=oembed\" frameborder=\"0\" allow=\"accelerometer; autoplay; clipboard-write; encrypted-media; gyroscope; picture-in-picture; web-share\" referrerpolicy=\"strict-origin-when-cross-origin\" allowfullscreen><\/iframe><\/p>\n","protected":false},"excerpt":{"rendered":"<p>La entidad dej\u00f3 inaugurado el nuevo cajero en una dependencia ubicada por Avenida Santa Fe al 2000 de la localidad. Estuvo presente el gerente general Luis Nu\u00f1ez, que junto al presidente comunal Ariel Bola\u00f1o desataron las cintas inaugurales. Bola\u00f1o agradeci\u00f3 la acci\u00f3n de las autoridades del BSF por acompa\u00f1ar el crecimiento de Margarita y dijo [&hellip;]<\/p>\n","protected":false},"author":3,"featured_media":36798,"comment_status":"closed","ping_status":"closed","sticky":false,"template":"","format":"standard","meta":{"_joinchat":[],"footnotes":""},"categories":[54],"tags":[],"class_list":{"0":"post-36794","1":"post","2":"type-post","3":"status-publish","4":"format-standard","5":"has-post-thumbnail","7":"category-margarita"},"_links":{"self":[{"href":"https:\/\/infovera.com.ar\/web\/wp-json\/wp\/v2\/posts\/36794","targetHints":{"allow":["GET"]}}],"collection":[{"href":"https:\/\/infovera.com.ar\/web\/wp-json\/wp\/v2\/posts"}],"about":[{"href":"https:\/\/infovera.com.ar\/web\/wp-json\/wp\/v2\/types\/post"}],"author":[{"embeddable":true,"href":"https:\/\/infovera.com.ar\/web\/wp-json\/wp\/v2\/users\/3"}],"replies":[{"embeddable":true,"href":"https:\/\/infovera.com.ar\/web\/wp-json\/wp\/v2\/comments?post=36794"}],"version-history":[{"count":0,"href":"https:\/\/infovera.com.ar\/web\/wp-json\/wp\/v2\/posts\/36794\/revisions"}],"wp:featuredmedia":[{"embeddable":true,"href":"https:\/\/infovera.com.ar\/web\/wp-json\/wp\/v2\/media\/36798"}],"wp:attachment":[{"href":"https:\/\/infovera.com.ar\/web\/wp-json\/wp\/v2\/media?parent=36794"}],"wp:term":[{"taxonomy":"category","embeddable":true,"href":"https:\/\/infovera.com.ar\/web\/wp-json\/wp\/v2\/categories?post=36794"},{"taxonomy":"post_tag","embeddable":true,"href":"https:\/\/infovera.com.ar\/web\/wp-json\/wp\/v2\/tags?post=36794"}],"curies":[{"name":"wp","href":"https:\/\/api.w.org\/{rel}","templated":true}]}}