{"id":36780,"date":"2022-07-14T11:10:41","date_gmt":"2022-07-14T14:10:41","guid":{"rendered":"https:\/\/infovera.com.ar\/web\/?p=36780"},"modified":"2022-07-15T07:01:15","modified_gmt":"2022-07-15T10:01:15","slug":"municipales-cortaron-la-ruta-11-en-reclamo-de-reapertura-de-paritarias","status":"publish","type":"post","link":"https:\/\/infovera.com.ar\/web\/2022\/07\/14\/municipales-cortaron-la-ruta-11-en-reclamo-de-reapertura-de-paritarias\/","title":{"rendered":"Municipales cortaron la Ruta 11 en reclamo de reapertura de paritarias"},"content":{"rendered":"<p><strong>Esta ma\u00f1ana, desde las 10, empleados municipales nucleados en Festram cortaron el paso por la Ruta Nacional 11 a la altura del arroyo El Rey como forma de protesta por salarios.<\/strong><\/p>\n<p>Una columna march\u00f3 hasta el viaducto donde la esperaba otro grupo de manifestantes. Por espacio de una hora matuvieron cerrado el paso de todo tipo de veh\u00edculos, y solo dejaron trasponer el piquete a ambulancias.<\/p>\n<p>Sendas colas, sobre todo de transportes pesados, se formaron a ambos lados del puente que une a Reconquista y Avellaneda.<\/p>\n<p>Participaron municipales de los sindicatos de Calchaqu\u00ed, San Javier, Villa Ocampo, San Justo, Reconquista y Avellaneda.<\/p>\n<p>A la hora de los discursos, Marcelo Vanney, integrante de la comisi\u00f3n directiva de Festram, indic\u00f3 que &#8220;estamos reclamando reapertura de paritarias y adelantamiento de dos tramos del cronograma de incremento salarial. Hay 7 puntos de la provincia donde nos estamos manifestando&#8221;.<\/p>\n<p><iframe loading=\"lazy\" title=\"Marcelo Vanney: reclamo de municipales de la regi\u00f3n\" width=\"696\" height=\"392\" src=\"https:\/\/www.youtube.com\/embed\/aDbgOHcSla4?feature=oembed\" frameborder=\"0\" allow=\"accelerometer; autoplay; clipboard-write; encrypted-media; gyroscope; picture-in-picture; web-share\" referrerpolicy=\"strict-origin-when-cross-origin\" allowfullscreen><\/iframe><\/p>\n<p>En tanto, Andrea Paz, de la Regional Noreste del gremio, dijo que &#8220;venimos de dos d\u00edas de asamblea. Estamos reclamando lo que consideramos que es justo&#8221;. Luego, record\u00f3 que el acuerdo paritario se firm\u00f3 en marzo, con la consigna de que si los sueldos ca\u00edan por debajo de la inflaci\u00f3n &#8220;nos \u00edbamos a convocar nuevamente&#8221;.<\/p>\n<p>Hace casi un mes desde Festram hab\u00edamos pedido la convocatoria como corresponde. A trav\u00e9s del di\u00e1logo pens\u00e1bamos que \u00edbamos a llegar a resolver esta situaci\u00f3n, pero no fue as\u00ed lo que nos puso en esta obligaci\u00f3n de dar respuesta a los trabajadores&#8221;.<\/p>\n<p>Respecto del acuerdo alcanzado anoche por los municipales de Rafaela, que se desmovilizaron, Paz dijo que las bases &#8220;van a hacer tronar el escarmiento&#8221; llegado el momento.<\/p>\n<p><iframe loading=\"lazy\" title=\"Municipales cortaron la Ruta 11 en reclamo de reapertura de paritarias\" width=\"696\" height=\"392\" src=\"https:\/\/www.youtube.com\/embed\/T8owHQByCxQ?feature=oembed\" frameborder=\"0\" allow=\"accelerometer; autoplay; clipboard-write; encrypted-media; gyroscope; picture-in-picture; web-share\" referrerpolicy=\"strict-origin-when-cross-origin\" allowfullscreen><\/iframe><\/p>\n<p><a href=\"https:\/\/infovera.com.ar\/web\/wp-content\/uploads\/2022\/07\/corte.jpg\"><img loading=\"lazy\" decoding=\"async\" class=\"alignleft size-large wp-image-36788\" src=\"https:\/\/infovera.com.ar\/web\/wp-content\/uploads\/2022\/07\/corte-1024x768.jpg\" alt=\"\" width=\"696\" height=\"522\" srcset=\"https:\/\/infovera.com.ar\/web\/wp-content\/uploads\/2022\/07\/corte-1024x768.jpg 1024w, https:\/\/infovera.com.ar\/web\/wp-content\/uploads\/2022\/07\/corte-300x225.jpg 300w, https:\/\/infovera.com.ar\/web\/wp-content\/uploads\/2022\/07\/corte-768x576.jpg 768w, https:\/\/infovera.com.ar\/web\/wp-content\/uploads\/2022\/07\/corte-1536x1152.jpg 1536w, https:\/\/infovera.com.ar\/web\/wp-content\/uploads\/2022\/07\/corte-80x60.jpg 80w, https:\/\/infovera.com.ar\/web\/wp-content\/uploads\/2022\/07\/corte-265x198.jpg 265w, https:\/\/infovera.com.ar\/web\/wp-content\/uploads\/2022\/07\/corte-696x522.jpg 696w, https:\/\/infovera.com.ar\/web\/wp-content\/uploads\/2022\/07\/corte-1068x801.jpg 1068w, https:\/\/infovera.com.ar\/web\/wp-content\/uploads\/2022\/07\/corte-560x420.jpg 560w, https:\/\/infovera.com.ar\/web\/wp-content\/uploads\/2022\/07\/corte.jpg 1556w\" sizes=\"auto, (max-width: 696px) 100vw, 696px\" \/><\/a><\/p>\n","protected":false},"excerpt":{"rendered":"<p>Esta ma\u00f1ana, desde las 10, empleados municipales nucleados en Festram cortaron el paso por la Ruta Nacional 11 a la altura del arroyo El Rey como forma de protesta por salarios. Una columna march\u00f3 hasta el viaducto donde la esperaba otro grupo de manifestantes. Por espacio de una hora matuvieron cerrado el paso de todo [&hellip;]<\/p>\n","protected":false},"author":3,"featured_media":36781,"comment_status":"closed","ping_status":"closed","sticky":false,"template":"","format":"standard","meta":{"_joinchat":[],"footnotes":""},"categories":[55],"tags":[],"class_list":{"0":"post-36780","1":"post","2":"type-post","3":"status-publish","4":"format-standard","5":"has-post-thumbnail","7":"category-reconquista"},"_links":{"self":[{"href":"https:\/\/infovera.com.ar\/web\/wp-json\/wp\/v2\/posts\/36780","targetHints":{"allow":["GET"]}}],"collection":[{"href":"https:\/\/infovera.com.ar\/web\/wp-json\/wp\/v2\/posts"}],"about":[{"href":"https:\/\/infovera.com.ar\/web\/wp-json\/wp\/v2\/types\/post"}],"author":[{"embeddable":true,"href":"https:\/\/infovera.com.ar\/web\/wp-json\/wp\/v2\/users\/3"}],"replies":[{"embeddable":true,"href":"https:\/\/infovera.com.ar\/web\/wp-json\/wp\/v2\/comments?post=36780"}],"version-history":[{"count":0,"href":"https:\/\/infovera.com.ar\/web\/wp-json\/wp\/v2\/posts\/36780\/revisions"}],"wp:featuredmedia":[{"embeddable":true,"href":"https:\/\/infovera.com.ar\/web\/wp-json\/wp\/v2\/media\/36781"}],"wp:attachment":[{"href":"https:\/\/infovera.com.ar\/web\/wp-json\/wp\/v2\/media?parent=36780"}],"wp:term":[{"taxonomy":"category","embeddable":true,"href":"https:\/\/infovera.com.ar\/web\/wp-json\/wp\/v2\/categories?post=36780"},{"taxonomy":"post_tag","embeddable":true,"href":"https:\/\/infovera.com.ar\/web\/wp-json\/wp\/v2\/tags?post=36780"}],"curies":[{"name":"wp","href":"https:\/\/api.w.org\/{rel}","templated":true}]}}