{"id":36715,"date":"2022-07-11T17:31:19","date_gmt":"2022-07-11T20:31:19","guid":{"rendered":"https:\/\/infovera.com.ar\/web\/?p=36715"},"modified":"2022-07-12T17:31:46","modified_gmt":"2022-07-12T20:31:46","slug":"piden-una-ley-para-evitar-los-ciberdelitos-en-la-provincia-de-santa-fe","status":"publish","type":"post","link":"https:\/\/infovera.com.ar\/web\/2022\/07\/11\/piden-una-ley-para-evitar-los-ciberdelitos-en-la-provincia-de-santa-fe\/","title":{"rendered":"Piden una ley para evitar los ciberdelitos en la provincia de Santa Fe"},"content":{"rendered":"<p><strong>Son dos iniciativas que el diputado Oscar Mart\u00ednez, del Frente Renovador-PJ present\u00f3 en la \u00faltima sesi\u00f3n de la C\u00e1mara Baja el pasado jueves. <\/strong><\/p>\n<p>Ambas buscan cambiar los marcos legales de la provincia ante la proliferaci\u00f3n de ciberataques y modificar las leyes vigentes para enfrentar los desaf\u00edos que la tecnolog\u00eda plantea a la hora de perseguir e investigar delitos. Pide adem\u00e1s que desde El Observatorio de V\u00edctimas de Delitos se realicen Audiencias P\u00fablicas sobre esta problem\u00e1tica.<\/p>\n<p>En los fundamentos de estos proyectos Mart\u00ednez afirm\u00f3 \u201cen la faz criminal, el ciberdelito es una variedad il\u00edcita que se monta en la innovaci\u00f3n y por lo tanto hay que construir nuevas definiciones y tipicidades y la realidad que vivimos hoy es alarmante. Cada vez m\u00e1s se usurpan o clonan cuentas e identidades y con ellas se llevan adelante fraudes, en general econ\u00f3micos, ya sea pidiendo dinero a los contactos de las v\u00edctimas, o utilizando su identidad para acceder a cuentas bancarias. Muchos caen en la trampa de las estafas que se est\u00e1n dando a trav\u00e9s de la red de Whatsapp, por dar un ejemplo. Y la realidad es que estas estafas se denuncian muy poco, y no hay un conocimiento profundo de las recomendaciones necesarias para no caer en este tipo de ciberdelitos. Un ejemplo reciente son los mensajes que otorgaban turnos para la cuarta dosis de la vacuna del COVID con un link para confirmar a trav\u00e9s de un c\u00f3digo de seis digitos que son el paso de verificaci\u00f3n de Whatsapp para configurar la cuenta en otro dispositivo electr\u00f3nico y luego mandar mensajes a la agenda de contactos. Asimismo se est\u00e1 viendo mucho en los \u00faltimos meses los enlaces con anuncios que prometen regalos y promociones y que no son m\u00e1s que una trampa para vaciar cuentas bancarias y robar datos personales. Las redes sociales tambi\u00e9n implican riesgos cibern\u00e9ticos puesto que se comparten datos o informaci\u00f3n personal que pueden dar pie a posibles delitos. Compartir informaci\u00f3n personal, cambiar contrase\u00f1as desde links enviados a correos electr\u00f3nicos, hacer click en enlaces, no verificar las url a las que se acceden, son las principales causas de ciberdelitos. Tengamos en cuenta adem\u00e1s que a estos se suman otros delitos grav\u00edsimos que van m\u00e1s all\u00e1 de lo econ\u00f3mico, como el grooming, el ciberacoso y la distribuci\u00f3n de pornograf\u00eda infantil. \u201d<\/p>\n<p>\u201cPara poder luchar contra esto -continu\u00f3 Martinez- proponemos que la provincia de Santa Fe tenga un Centro Provincial de Ciberprotecci\u00f3n contra posibles ataques a la seguridad provincial. Participar\u00e1 en la prevenci\u00f3n, la respuesta inmediata y la mitigaci\u00f3n. Sus funciones principales ser\u00e1n centralizar, cooordinar, y ejecutar procesos, medidas e intervenciones preventivas y de mitigaci\u00f3n frente a incidentes de seguridad, eventos o ataques en el ciberespacio que afecten a personas, infraestructuras cr\u00edtica y tecnol\u00f3gicas y\/o sistemas inform\u00e1ticos. En este sentido contamos con ejemplos concretos a nivel internacional. En Lituania existe el Centro Nacional de Seguridad Cibern\u00e9tica que con menos habitantes que la provincia de Santa Fe -2,8 millones- y menos territorio -65000 km\u00b2- pudieron reaccionar ante la vulneraci\u00f3n de las transferencia nacional de datos seguros que afectaron a empresas e instituciones gubernamentales. Dinamarca, Alemania, Finlandia, Suecia y Polonia, por ejemplo, toman recaudos adicionales en materia de ciberseguridad. Incluso la ONU plantea la necesidad de revisar el tratado de Budapest para actualizar los convenios internacionales contra las modalidades de ciberdelitos que pretende ser tratado antes que termine el 2022\u201d, agreg\u00f3.<\/p>\n<p>En el caso del segundo proyecto presentado por el legislador, lo que se pretende es la modificaci\u00f3n del art\u00edculo 167 del C\u00f3digo Procesal Penal de la provincia, en el cual se establecen las condiciones de las \u00f3rdenes de registro de lugares o espacios f\u00edsicos en los cuales se ha o podr\u00eda haberse cometido un delito. Este art\u00edculo no prev\u00e9 el registro de dispositivos inform\u00e1ticos.<\/p>\n<p>Por lo cual esta modificaci\u00f3n agrega al art\u00edculo que, cuando en ocasi\u00f3n de la realizaci\u00f3n de un registro sean hallados dispositivos tecnol\u00f3gicos que pudieran contener evidencia digital podr\u00e1n ser secuestrados por disposici\u00f3n del juez interviniente.<\/p>\n<p>En el proyecto de Ley tambi\u00e9n se pide modificar el Art\u00edculo 171 que tiene que ver con el tratamiento de la evidencia digital. Para ello se admite expresamente la posibilidad de solicitar la conservaci\u00f3n r\u00e1pida de datos inform\u00e1ticos a proveedores de servicio, para que estos no sean alterados en el transcurso de la investigaci\u00f3n.<\/p>\n<p>Respecto de esta iniciativa Oscar Mart\u00ednez, explica que \u201cla tecnolog\u00eda ha atravesado nuestras vidas, se ha hecho parte de nuestra cotidianeidad, y hoy el componente inform\u00e1tico est\u00e1 presente en la comisi\u00f3n de todos los tipos delictivos, desafiando a quienes deben procurar la investigaci\u00f3n y persecuci\u00f3n de los mismos, a recabar y analizar evidencia digital. Nuestro C\u00f3digo Procesal Penal si bien tiene reglas relativas a medidas de prueba tales como el registro, el allanamiento, el secuestro, la requisa personal y la interceptaci\u00f3n de comunicaciones, la aplicaci\u00f3n de las mismas a la evidencia digital no es posible, pues el desaf\u00edo que plantea el tratamiento de la misma requiere de medidas de prueba espec\u00edficas, o la adaptaci\u00f3n legal de las ya existentes\u201d.<\/p>\n<p>Asimismo manifest\u00f3 que \u201cdesde el Observatorio de v\u00edctimas de delitos y sus familiares, llevaremos adelante Audiencias P\u00fablicas junto al Presidente de la Comisi\u00f3n de Asuntos Constitucionales Joaquin Blanco para convocar a representantes del Poder Judicial, del Poder Ejecutivo y del Ministerio P\u00fablico de la Acusaci\u00f3n, a Expertos, y a v\u00edctimas de Ciberdelitos y de Ciberataques, replicando la experiencia exitosa de la metodolog\u00eda utilizada para el tratamiento de la Ley de Victimas de Delitos que ya tiene media sanci\u00f3n en la C\u00e1mara de Diputados y que aguarda el tratamiento por parte del Senado\u201d.<\/p>\n","protected":false},"excerpt":{"rendered":"<p>Son dos iniciativas que el diputado Oscar Mart\u00ednez, del Frente Renovador-PJ present\u00f3 en la \u00faltima sesi\u00f3n de la C\u00e1mara Baja el pasado jueves. Ambas buscan cambiar los marcos legales de la provincia ante la proliferaci\u00f3n de ciberataques y modificar las leyes vigentes para enfrentar los desaf\u00edos que la tecnolog\u00eda plantea a la hora de perseguir [&hellip;]<\/p>\n","protected":false},"author":3,"featured_media":36716,"comment_status":"closed","ping_status":"closed","sticky":false,"template":"","format":"standard","meta":{"_joinchat":[],"footnotes":""},"categories":[66],"tags":[],"class_list":{"0":"post-36715","1":"post","2":"type-post","3":"status-publish","4":"format-standard","5":"has-post-thumbnail","7":"category-politica"},"_links":{"self":[{"href":"https:\/\/infovera.com.ar\/web\/wp-json\/wp\/v2\/posts\/36715","targetHints":{"allow":["GET"]}}],"collection":[{"href":"https:\/\/infovera.com.ar\/web\/wp-json\/wp\/v2\/posts"}],"about":[{"href":"https:\/\/infovera.com.ar\/web\/wp-json\/wp\/v2\/types\/post"}],"author":[{"embeddable":true,"href":"https:\/\/infovera.com.ar\/web\/wp-json\/wp\/v2\/users\/3"}],"replies":[{"embeddable":true,"href":"https:\/\/infovera.com.ar\/web\/wp-json\/wp\/v2\/comments?post=36715"}],"version-history":[{"count":0,"href":"https:\/\/infovera.com.ar\/web\/wp-json\/wp\/v2\/posts\/36715\/revisions"}],"wp:featuredmedia":[{"embeddable":true,"href":"https:\/\/infovera.com.ar\/web\/wp-json\/wp\/v2\/media\/36716"}],"wp:attachment":[{"href":"https:\/\/infovera.com.ar\/web\/wp-json\/wp\/v2\/media?parent=36715"}],"wp:term":[{"taxonomy":"category","embeddable":true,"href":"https:\/\/infovera.com.ar\/web\/wp-json\/wp\/v2\/categories?post=36715"},{"taxonomy":"post_tag","embeddable":true,"href":"https:\/\/infovera.com.ar\/web\/wp-json\/wp\/v2\/tags?post=36715"}],"curies":[{"name":"wp","href":"https:\/\/api.w.org\/{rel}","templated":true}]}}