{"id":36707,"date":"2022-07-12T16:04:34","date_gmt":"2022-07-12T19:04:34","guid":{"rendered":"https:\/\/infovera.com.ar\/web\/?p=36707"},"modified":"2022-07-12T16:04:34","modified_gmt":"2022-07-12T19:04:34","slug":"el-gobernador-perotti-encabezo-el-acto-de-inicio-del-cultivo-de-cannabis-medicinal-a-campo-en-la-provincia","status":"publish","type":"post","link":"https:\/\/infovera.com.ar\/web\/2022\/07\/12\/el-gobernador-perotti-encabezo-el-acto-de-inicio-del-cultivo-de-cannabis-medicinal-a-campo-en-la-provincia\/","title":{"rendered":"El gobernador Perotti encabez\u00f3 el acto de inicio del cultivo de cannabis medicinal a campo en la provincia"},"content":{"rendered":"<p>El gobernador Omar Perotti encabez\u00f3 este martes, en la localidad de Monte Vera, el acto de inicio del cultivo de cannabis medicinal a campo en la provincia, donde se plantaron 200 ejemplares de Cannabis Sativa L, en la forma de cultivo exterior, para comenzar los primeros ensayos en materia de investigaci\u00f3n.<\/p>\n<p>&nbsp;<\/p>\n<p>La actividad se llev\u00f3 a cabo en el Centro de Investigaci\u00f3n y Desarrollo de Cannabis Medicinal, en la ruta provincial N\u00ba 2, kil\u00f3metro 12,5, en el marco del trabajo interdisciplinario entre el Ministerio de Producci\u00f3n, Ciencia y Tecnolog\u00eda de la provincia, el Laboratorio Industrial Farmac\u00e9utico (LIF) y el Instituto Nacional de Tecnolog\u00eda Agropecuaria (Inta).<\/p>\n<p>&nbsp;<\/p>\n<p>En la oportunidad, Omar Perotti agradeci\u00f3 \u201ctodo el esfuerzo hecho hasta aqu\u00ed para llegar a este momento, donde el Estado se puso a recoger, y trabajar a la par de lo que ya estaba hecho\u201d, y adem\u00e1s pidi\u00f3 disculpas en nombre del Estado. Lo hizo al se\u00f1alar: \u201cDisculpas, por haber demorado tanto en impulsar un proyecto cient\u00edfico tecnol\u00f3gico de estas caracter\u00edsticas\u201d.<\/p>\n<p>&nbsp;<\/p>\n<p>El gobernador agreg\u00f3 que \u201cla movilizaci\u00f3n y la pasi\u00f3n partieron de escuchar a las madres\u201d (cuyos hijos necesitan tratamiento a trav\u00e9s del aceite de cannabis), al tiempo que reflexion\u00f3: \u201c\u00bfAlguien puede pensar que una madre va a querer darle algo a su hijo que le haga mal? Creo que ah\u00ed est\u00e1 la respuesta de por qu\u00e9 involucrarse y por qu\u00e9 estamos hoy aqu\u00ed\u201d, concluy\u00f3.<\/p>\n<p>&nbsp;<\/p>\n<p>A su turno, el ministro de Producci\u00f3n, Ciencia y Tecnolog\u00eda, Daniel Costamagna, expres\u00f3 que \u201cesta es la provincia de los desaf\u00edos, que est\u00e1 a la vanguardia de los desarrollos productivos y tecnol\u00f3gicos. El de hoy es un nuevo desaf\u00edo y todos vamos a aprender un poco de este proyecto de puertas abiertas, que va a articular y a recibir a todos aquellos que lo acompa\u00f1en. No solamente es un proyecto que tiene connotaciones productivas, sino tambi\u00e9n relativas a la salud, a la tecnolog\u00eda, a aspectos sociales, a la inclusi\u00f3n, a la generaci\u00f3n de trabajo y a los j\u00f3venes. Y vamos a poner toda la energ\u00eda para apoyar a aquellos que quieran incursionar en este camino\u201d, indic\u00f3\u201d.<\/p>\n<p>&nbsp;<\/p>\n<p>A continuaci\u00f3n, la ministra de Salud, Sonia Martorano, manifest\u00f3 que \u201ceste es un momento muy especial, que nos moviliza. Necesitamos seguir investigando porque hay muchas afecciones en las cuales el aceite de cannabis va a funcionar bien y, hoy, damos el puntapi\u00e9 inicial a un centro de investigaci\u00f3n, de experimentaci\u00f3n, de trabajo en innovaci\u00f3n, tecnolog\u00eda y ciencia. Se puede hacer mucho m\u00e1s de lo que dice la ley, que es el tratamiento de la epilepsia refractaria en la infancia; y hay muchas m\u00e1s afecciones que pueden ser mejoradas, paliadas, con el aceite de cannabis\u201d, explic\u00f3.<\/p>\n<p>&nbsp;<\/p>\n<p>\u201cEstos desaf\u00edos se pueden llevar adelante cuando hay decisi\u00f3n pol\u00edtica, cuadros t\u00e9cnicos y apoyo econ\u00f3mico. El gobernador nos dio la orden pol\u00edtica de generar accesibilidad en algo que pareciera que, por distintos motivos, tiene que estar en la clandestinidad; nos aport\u00f3 los cuadros t\u00e9cnicos para que esta decisi\u00f3n tuviera sustento desde los ministerios de Salud y de Producci\u00f3n; y tenemos el apoyo econ\u00f3mico para llevar esto adelante\u201d, a\u00f1adi\u00f3 la ministra, quien destac\u00f3 que \u201cesto nos permite avanzar como provincia en soberan\u00eda en cuanto a la producci\u00f3n e investigaci\u00f3n en medicamentos, y poner a Santa Fe en primera l\u00ednea\u201d.<\/p>\n<p>&nbsp;<\/p>\n<p>EL ESTADO JUNTO A LAS ORGANIZACIONES<\/p>\n<p>Por su parte, Carina Prieto, de la Asociaci\u00f3n Civil Madres que se Plantan de la ciudad de Rosario, agradeci\u00f3 \u201ceste momento tan importante\u201d por entender que \u201cel camino es por ac\u00e1, con el Estado junto con las organizaciones. En su momento, las madres reclam\u00e1bamos y arranc\u00e1bamos en soledad absoluta pidiendo por el autocultivo; pero con estos avances cambi\u00f3 mucho al d\u00eda de hoy. Y estar aqu\u00ed, hablando p\u00fablicamente, con el gobernador presente, y con las organizaciones, se valora enormemente\u201d.<\/p>\n<p>En tanto, Lisandro Rossi Ferro, coordinador de cultivo y provisi\u00f3n de la Asociaci\u00f3n de Usuarios y Profesionales para el Abordaje del Cannabis y otras Drogas de Rosario (Aupac), coment\u00f3 que \u201cnuestra organizaci\u00f3n consta de dos dispositivos, cl\u00ednico y de formaci\u00f3n, y cuenta con espacios de investigaci\u00f3n. Nos parece important\u00edsimo que el Estado tenga un proyecto de esta magnitud, a trav\u00e9s del cual genere desarrollo e investigaci\u00f3n, y que acompa\u00f1e el vac\u00edo que cubrimos hasta que haya una nueva reglamentaci\u00f3n\u201d.<\/p>\n<p>&nbsp;<\/p>\n<p>\u201cLA REUNI\u00d3N CON LAS MADRES NOS MOVILIZ\u00d3\u201d<\/p>\n<p>En otro tramo del acto, el diputado provincial Ricardo Olivera, record\u00f3 que \u201chabl\u00e1bamos con el gobernador Perotti sobre este tema que nos apasionaba por un mont\u00f3n de razones y porque cre\u00edamos que el Estado ten\u00eda que hacerse cargo de esto, para que sea algo p\u00fablico. Nos reunimos con las madres, lo cual nos moviliz\u00f3 para estar ac\u00e1\u201d.<\/p>\n<p>&nbsp;<\/p>\n<p>Seguidamente, la subsecretaria de Proyectos de Innovaci\u00f3n Productiva, Eliana Eberle, se\u00f1al\u00f3 que \u201ccuando empezamos a pensar este centro lo hicimos con todos estos actores que hoy est\u00e1n aqu\u00ed. Este lugar siempre fue referencia para el Ministerio de Producci\u00f3n y, en pandemia, tuvimos la necesidad de instalar un espacio cercano a Santa Fe para la acuicultura. Empezamos a unir canales, ministerios y comenzamos a trabajar con no mucho presupuesto, pero con el aporte de voluntades: Vialidad nos prest\u00f3 maquinarias; la comuna de Monte Vera, los camiones; y colaboraron los vecinos que ped\u00edan que se restablezca este centro. Fue as\u00ed que, cuando el LIF solicit\u00f3 un lugar para la producci\u00f3n de cannabis, decidimos constituirnos en este centro que es p\u00fablico y uno de los pocos que existen en el pa\u00eds\u201d.<\/p>\n<p>&nbsp;<\/p>\n<p>Finalmente, la directora del LIF, Elida Formente, consign\u00f3 que \u201ccuando asumimos, a fines de 2019, nuestro gobernador nos pidi\u00f3 que trabajemos en el aceite de cannabis porque sabemos que hay una gran parte que se maneja en la clandestinidad y existen muchas barreras para el acceso a una especialidad que mejora la salud y la calidad de vida de muchas personas. Hace un tiempo, el aceite de cannabis deb\u00eda importarse y era muy costoso; hab\u00eda muchas barreras para conseguir un producto de calidad y seguro. Investigamos, pandemia de por medio, y pudimos importar el aceite a granel para poder tenerlo en nuestra provincia. A fines de 2021 anunciamos el primer lote de casi 200 frascos de aceite de cannabis del LIF y, a partir de all\u00ed, comenzamos a trabajar articuladamente con los ministerios, el INTA e incluyendo capacitaciones a la Polic\u00eda\u201d, detall\u00f3.<\/p>\n<p>&nbsp;<\/p>\n<p>PRESENTES<\/p>\n<p>Del acto participaron tambi\u00e9n la ministra de Gobierno, Justicia y Derechos Humanos, Celia Arena; la secretaria de Ciencia, Tecnolog\u00eda e Innovaci\u00f3n, Marina Baima; el secretario de Salud, Jorge Prieto; el director del INTA, regional Santa Fe, Alejandro Longo; y las diputadas nacionales, Alejandra Obeid y Magal\u00ed Mastaler, junto con dem\u00e1s autoridades provinciales y comunales, directivos y personal del LIF, representantes de organismos y asociaciones nacionales vinculados al proyecto.<\/p>\n<p>&nbsp;<\/p>\n<p>ACERCA DEL CENTRO DE INVESTIGACI\u00d3N<\/p>\n<p>Se constituy\u00f3 a los fines de disponer, intercambiar y transferir mecanismos y procesos de producci\u00f3n de cannabis sativa, apostando al fortalecimiento del entramado productivo; la investigaci\u00f3n cient\u00edfica; y la generaci\u00f3n de intercambio de evidencia y conocimiento entre los diversos actores vinculados al cultivo.<\/p>\n","protected":false},"excerpt":{"rendered":"<p>El gobernador Omar Perotti encabez\u00f3 este martes, en la localidad de Monte Vera, el acto de inicio del cultivo de cannabis medicinal a campo en la provincia, donde se plantaron 200 ejemplares de Cannabis Sativa L, en la forma de cultivo exterior, para comenzar los primeros ensayos en materia de investigaci\u00f3n. &nbsp; La actividad se [&hellip;]<\/p>\n","protected":false},"author":3,"featured_media":36709,"comment_status":"closed","ping_status":"closed","sticky":false,"template":"","format":"standard","meta":{"_joinchat":[],"footnotes":""},"categories":[60],"tags":[],"class_list":{"0":"post-36707","1":"post","2":"type-post","3":"status-publish","4":"format-standard","5":"has-post-thumbnail","7":"category-provinciales"},"_links":{"self":[{"href":"https:\/\/infovera.com.ar\/web\/wp-json\/wp\/v2\/posts\/36707","targetHints":{"allow":["GET"]}}],"collection":[{"href":"https:\/\/infovera.com.ar\/web\/wp-json\/wp\/v2\/posts"}],"about":[{"href":"https:\/\/infovera.com.ar\/web\/wp-json\/wp\/v2\/types\/post"}],"author":[{"embeddable":true,"href":"https:\/\/infovera.com.ar\/web\/wp-json\/wp\/v2\/users\/3"}],"replies":[{"embeddable":true,"href":"https:\/\/infovera.com.ar\/web\/wp-json\/wp\/v2\/comments?post=36707"}],"version-history":[{"count":0,"href":"https:\/\/infovera.com.ar\/web\/wp-json\/wp\/v2\/posts\/36707\/revisions"}],"wp:featuredmedia":[{"embeddable":true,"href":"https:\/\/infovera.com.ar\/web\/wp-json\/wp\/v2\/media\/36709"}],"wp:attachment":[{"href":"https:\/\/infovera.com.ar\/web\/wp-json\/wp\/v2\/media?parent=36707"}],"wp:term":[{"taxonomy":"category","embeddable":true,"href":"https:\/\/infovera.com.ar\/web\/wp-json\/wp\/v2\/categories?post=36707"},{"taxonomy":"post_tag","embeddable":true,"href":"https:\/\/infovera.com.ar\/web\/wp-json\/wp\/v2\/tags?post=36707"}],"curies":[{"name":"wp","href":"https:\/\/api.w.org\/{rel}","templated":true}]}}