{"id":36683,"date":"2022-07-12T10:56:45","date_gmt":"2022-07-12T13:56:45","guid":{"rendered":"https:\/\/infovera.com.ar\/web\/?p=36683"},"modified":"2022-07-12T19:59:40","modified_gmt":"2022-07-12T22:59:40","slug":"los-ataco-por-la-espalda-con-intencion-de-quitarles-la-vida-dijo-el-fiscal-maglier-sobre-el-hecho-del-sabado","status":"publish","type":"post","link":"https:\/\/infovera.com.ar\/web\/2022\/07\/12\/los-ataco-por-la-espalda-con-intencion-de-quitarles-la-vida-dijo-el-fiscal-maglier-sobre-el-hecho-del-sabado\/","title":{"rendered":"&#8220;Los atac\u00f3 por la espalda con intenci\u00f3n de quitarles la vida&#8221;, dijo el fiscal Maglier sobre el hecho del s\u00e1bado"},"content":{"rendered":"<p><strong>El fiscal Nicol\u00e1s Maglier se refiri\u00f3 al hecho de tentativa de homicidio y posterior suicidio que ocurri\u00f3 en Vera.<\/strong><\/p>\n<div class=\"wp-playlist wp-audio-playlist wp-playlist-light\">\n\t\t\t<div class=\"wp-playlist-current-item\"><\/div>\n\t\t<audio controls=\"controls\" preload=\"none\" width=\"674\"\n\t\t\t><\/audio>\n\t<div class=\"wp-playlist-next\"><\/div>\n\t<div class=\"wp-playlist-prev\"><\/div>\n\t<noscript>\n\t<ol>\n\t\t<li><a href='https:\/\/infovera.com.ar\/web\/wp-content\/uploads\/2022\/07\/Entrevista-fiscal-Maglier-online-audio-converter.com_.ogg'>Entrevista fiscal Maglier (online-audio-converter.com)<\/a><\/li>\t<\/ol>\n\t<\/noscript>\n\t<script type=\"application\/json\" class=\"wp-playlist-script\">{\"type\":\"audio\",\"tracklist\":true,\"tracknumbers\":true,\"images\":true,\"artists\":true,\"tracks\":[{\"src\":\"https:\/\/infovera.com.ar\/web\/wp-content\/uploads\/2022\/07\/Entrevista-fiscal-Maglier-online-audio-converter.com_.ogg\",\"type\":\"audio\/ogg\",\"title\":\"Entrevista fiscal Maglier (online-audio-converter.com)\",\"caption\":\"\",\"description\":\"\\\"Entrevista fiscal Maglier (online-audio-converter.com)\\\".\",\"meta\":{\"length_formatted\":\"3:59\"},\"image\":{\"src\":\"https:\/\/infovera.com.ar\/web\/wp-includes\/images\/media\/audio.svg\",\"width\":48,\"height\":64},\"thumb\":{\"src\":\"https:\/\/infovera.com.ar\/web\/wp-includes\/images\/media\/audio.svg\",\"width\":48,\"height\":64}}]}<\/script>\n<\/div>\n\t\n","protected":false},"excerpt":{"rendered":"<p>El fiscal Nicol\u00e1s Maglier se refiri\u00f3 al hecho de tentativa de homicidio y posterior suicidio que ocurri\u00f3 en Vera.<\/p>\n","protected":false},"author":3,"featured_media":36583,"comment_status":"closed","ping_status":"closed","sticky":false,"template":"","format":"standard","meta":{"_joinchat":[],"footnotes":""},"categories":[30,53],"tags":[],"class_list":{"0":"post-36683","1":"post","2":"type-post","3":"status-publish","4":"format-standard","5":"has-post-thumbnail","7":"category-policiales","8":"category-vera"},"_links":{"self":[{"href":"https:\/\/infovera.com.ar\/web\/wp-json\/wp\/v2\/posts\/36683","targetHints":{"allow":["GET"]}}],"collection":[{"href":"https:\/\/infovera.com.ar\/web\/wp-json\/wp\/v2\/posts"}],"about":[{"href":"https:\/\/infovera.com.ar\/web\/wp-json\/wp\/v2\/types\/post"}],"author":[{"embeddable":true,"href":"https:\/\/infovera.com.ar\/web\/wp-json\/wp\/v2\/users\/3"}],"replies":[{"embeddable":true,"href":"https:\/\/infovera.com.ar\/web\/wp-json\/wp\/v2\/comments?post=36683"}],"version-history":[{"count":0,"href":"https:\/\/infovera.com.ar\/web\/wp-json\/wp\/v2\/posts\/36683\/revisions"}],"wp:featuredmedia":[{"embeddable":true,"href":"https:\/\/infovera.com.ar\/web\/wp-json\/wp\/v2\/media\/36583"}],"wp:attachment":[{"href":"https:\/\/infovera.com.ar\/web\/wp-json\/wp\/v2\/media?parent=36683"}],"wp:term":[{"taxonomy":"category","embeddable":true,"href":"https:\/\/infovera.com.ar\/web\/wp-json\/wp\/v2\/categories?post=36683"},{"taxonomy":"post_tag","embeddable":true,"href":"https:\/\/infovera.com.ar\/web\/wp-json\/wp\/v2\/tags?post=36683"}],"curies":[{"name":"wp","href":"https:\/\/api.w.org\/{rel}","templated":true}]}}