{"id":36649,"date":"2022-07-11T07:05:29","date_gmt":"2022-07-11T10:05:29","guid":{"rendered":"https:\/\/infovera.com.ar\/web\/?p=36649"},"modified":"2022-07-11T07:05:29","modified_gmt":"2022-07-11T10:05:29","slug":"aic-capturo-a-un-profugo-de-la-justicia-chaquena-en-florencia","status":"publish","type":"post","link":"https:\/\/infovera.com.ar\/web\/2022\/07\/11\/aic-capturo-a-un-profugo-de-la-justicia-chaquena-en-florencia\/","title":{"rendered":"AIC captur\u00f3 a un pr\u00f3fugo de la justicia chaque\u00f1a en Florencia"},"content":{"rendered":"<p>Lo interceptaron en la v\u00eda p\u00fablica de la ciudad de Florencia, provincia de Santa Fe<\/p>\n<p>La Agencia de Investigaci\u00f3n Criminal (AIC), del Ministerio de Seguridad Provincial, a ra\u00edz de un pedido de colaboraci\u00f3n de la Divisi\u00f3n de Recaptura de Pr\u00f3fugos y\/o Evadidos del Servicio Penitenciario de la provincia de Chaco, detuvo a DAVID GUSTAVO SPESSOT un pr\u00f3fugo de la Justicia de esa provincia.<\/p>\n<p>Los investigadores de AIC descubieron que el evadido estaba en la ciudad de Florencia provincia de Santa Fe y, seg\u00fan lo ordenado por el juzgado de Ejecuci\u00f3n Penal n\u00famero 1, personal del Departamento Operativo de Investigaciones Distrito Las Toscas juntamente con personal de la comisar\u00eda 9na de la ciudad de Florencia interceptaron al hombre en una zona rural conocido como Campo Rodr\u00edguez de esa ciudad. El detenido iba en una motocicleta con su concubina y su hija menor de edad.<\/p>\n<p>Juzgado Interviniente Dra. M\u00f3nica Liliana Pergoraro secretaria Juzgado de Ejecuci\u00f3n Penal n\u00famero 1.<\/p>\n","protected":false},"excerpt":{"rendered":"<p>Lo interceptaron en la v\u00eda p\u00fablica de la ciudad de Florencia, provincia de Santa Fe La Agencia de Investigaci\u00f3n Criminal (AIC), del Ministerio de Seguridad Provincial, a ra\u00edz de un pedido de colaboraci\u00f3n de la Divisi\u00f3n de Recaptura de Pr\u00f3fugos y\/o Evadidos del Servicio Penitenciario de la provincia de Chaco, detuvo a DAVID GUSTAVO SPESSOT [&hellip;]<\/p>\n","protected":false},"author":3,"featured_media":36650,"comment_status":"closed","ping_status":"closed","sticky":false,"template":"","format":"standard","meta":{"_joinchat":[],"footnotes":""},"categories":[30],"tags":[],"class_list":{"0":"post-36649","1":"post","2":"type-post","3":"status-publish","4":"format-standard","5":"has-post-thumbnail","7":"category-policiales"},"_links":{"self":[{"href":"https:\/\/infovera.com.ar\/web\/wp-json\/wp\/v2\/posts\/36649","targetHints":{"allow":["GET"]}}],"collection":[{"href":"https:\/\/infovera.com.ar\/web\/wp-json\/wp\/v2\/posts"}],"about":[{"href":"https:\/\/infovera.com.ar\/web\/wp-json\/wp\/v2\/types\/post"}],"author":[{"embeddable":true,"href":"https:\/\/infovera.com.ar\/web\/wp-json\/wp\/v2\/users\/3"}],"replies":[{"embeddable":true,"href":"https:\/\/infovera.com.ar\/web\/wp-json\/wp\/v2\/comments?post=36649"}],"version-history":[{"count":0,"href":"https:\/\/infovera.com.ar\/web\/wp-json\/wp\/v2\/posts\/36649\/revisions"}],"wp:featuredmedia":[{"embeddable":true,"href":"https:\/\/infovera.com.ar\/web\/wp-json\/wp\/v2\/media\/36650"}],"wp:attachment":[{"href":"https:\/\/infovera.com.ar\/web\/wp-json\/wp\/v2\/media?parent=36649"}],"wp:term":[{"taxonomy":"category","embeddable":true,"href":"https:\/\/infovera.com.ar\/web\/wp-json\/wp\/v2\/categories?post=36649"},{"taxonomy":"post_tag","embeddable":true,"href":"https:\/\/infovera.com.ar\/web\/wp-json\/wp\/v2\/tags?post=36649"}],"curies":[{"name":"wp","href":"https:\/\/api.w.org\/{rel}","templated":true}]}}