{"id":36646,"date":"2022-07-11T07:03:12","date_gmt":"2022-07-11T10:03:12","guid":{"rendered":"https:\/\/infovera.com.ar\/web\/?p=36646"},"modified":"2022-07-11T07:03:12","modified_gmt":"2022-07-11T10:03:12","slug":"el-socialismo-dio-un-fuerte-mensaje-de-unidad-y-vocacion-de-futuro-en-un-multitudinario-locro-en-rosario","status":"publish","type":"post","link":"https:\/\/infovera.com.ar\/web\/2022\/07\/11\/el-socialismo-dio-un-fuerte-mensaje-de-unidad-y-vocacion-de-futuro-en-un-multitudinario-locro-en-rosario\/","title":{"rendered":"El Socialismo di\u00f3 un fuerte mensaje de unidad y vocaci\u00f3n de futuro en un multitudinario locro en Rosario"},"content":{"rendered":"<p>El PS llen\u00f3 el sal\u00f3n del Mercado del Patio y llam\u00f3 a trabajar en unidad para ofrecer los mejores hombres y mujeres como candidatos en todas las categor\u00edas provinciales en el 2023<\/p>\n<p>En un sal\u00f3n colmado de militantes de distintos rincones de la provincia, el Partido Socialista volvi\u00f3 a celebrar el tradicional locro de D\u00eda de la Independencia despu\u00e9s de la suspensi\u00f3n impuesta por la pandemia. Fue en el Mercado del Patio, un espacio muy significativo que ha sido escenario de las principales victorias electorales de la fuerza a nivel local y provincial.<\/p>\n<p>En ese marco, la diputada provincial Clara Garc\u00eda abri\u00f3 los discurso se\u00f1alando que el 9 de Julio \u201ces una fecha patria que muchos han intentado vaciar de contenido y otros han querido convertir en una propiedad partidaria. Nosotros reivindicamos a la Naci\u00f3n y a su independencia y este locro expresa la pasi\u00f3n socialista\u201d, afirm\u00f3. Por otro lado, se refiri\u00f3 a que &#8220;en el \u00faltimo tiempo se observa claramente un clima de cambio, y hay un nuevo aire progresista en la regi\u00f3n\u201d; y enfatiz\u00f3 que \u201ctambi\u00e9n ese aire de cambio se respira en Santa Fe, porque los santafesinos vieron la gran diferencia entre lo que est\u00e1n viviendo y las gestiones del Frente Progresista&#8221;. &#8220;La fuerza para recuperar Santa Fe est\u00e1 ac\u00e1, y lo vamos a hacer sin resignar nuestros valores y nuestros principios, con nuestra juventud, nuestros intendentes y presidentes de comunas, nuestros diputados provinciales y nacionales, nuestros equipos y nuestros militantes\u201d, exclam\u00f3 para cerrar.<\/p>\n<p>En tanto, el ex gobernador Antonio Bonfatti, lament\u00f3 que \u201cun pa\u00eds con todos los recursos naturales y la capacidad de sus empresarios y trabajadores, carezca de propuestas y proyectos, y nadie discuta como salir adelante con pol\u00edticas de Estado, a mediano y largo plazo\u201d. Al respecto, record\u00f3 \u201clos planes estrat\u00e9gicos, que elaboramos escuchando a la gente porque gobernamos con di\u00e1logo, con consenso, buscando el equilibrio. Tenemos que seguir por ese camino para recuperar la provincia, el camino del acuerdo, de la convocatoria, de la escucha y, fundamentalmente, de no aflojar con nuestras convicciones e ideales\u201d.<br \/>\n&#8220;Hay que seguir por el camino -finaliz\u00f3- de la construcci\u00f3n de consensos con un frente con valores progresistas en d\u00f3nde podamos acordar propuestas para sacar a Santa Fe adelante y recuperar la provincia&#8221;.<\/p>\n<p>A su turno, M\u00f3nica Fein, diputada nacional y presidenta del Partido Socialista de Argentina, rescat\u00f3 \u201cla fuerza, la alegr\u00eda y las convicciones de las y los j\u00f3venes socialistas que construyen este partido todos los d\u00edas\u201d y advirti\u00f3 que<br \/>\n\u201cante un gobierno nacional perdido en su interna, sin proyecto y sin plan, la Patria tiene futuro porque el socialismo es parte de la construcci\u00f3n de una sociedad m\u00e1s justa, con m\u00e1s igualdad y libertad, como lo demostraron Hermes Binner, Antonio Bonfatti y Miguel Lifschitz\u201d, reivindic\u00f3. &#8220;El futuro no se va a construir con proyectos de l\u00edderes mesi\u00e1nicos, el futuro de este pa\u00eds ser\u00e1 una construcci\u00f3n colectiva que va a nacer de las propias manos del pueblo argentino y de su convicci\u00f3n de hacer una patria diferente&#8221;, asinti\u00f3.<\/p>\n<p>Por \u00faltimo, Enrique Est\u00e9vez, diputado nacional y secretario general de la fuerza a nivel provincial, subray\u00f3: \u201cSon tiempos dif\u00edciles y juntos es como podemos enfrentar los discursos autoritarios, violentos e individualistas&#8221;. &#8220;No vamos a renunciar a nuestras ideas y valores -continu\u00f3-, vamos a seguir militando para construir una sociedad m\u00e1s justa e igualitaria y lo vamos a hacer con un objetivo, que es el de llevar adelante una pol\u00edtica m\u00e1s humana, de m\u00e1s escucha y de mayor capacidad de transformaci\u00f3n&#8221;. &#8220;Ese es el objetivo que tenemos que perseguir, que empujar, esa es nuestra misi\u00f3n, y por eso tenemos que trabajar unidos, duramente, para que en 2023 el socialismo pueda ofrecer sus mejores hombres y mujeres como candidatos y candidatas para competir en todas las categor\u00edas provinciales, porque el futuro es de los que luchan. Sigamos luchando juntos por una sociedad m\u00e1s solidaria, m\u00e1s igualitaria y feliz\u201d, se\u00f1al\u00f3 Estevez.<\/p>\n<p>Entre otras autoridades presentes estuvieron los miembros de la Junta Provincial del Partido, el bloque de diputados y diputadas Socialistas; intendentes, presidentes comunales, concejales y militantes de toda la provincia de Santa Fe, en una multitudinaria convocatoria que colm\u00f3 con m\u00e1s de 2000 militantes el m\u00edtico sal\u00f3n del Patio de la Madera de Rosario<\/p>\n","protected":false},"excerpt":{"rendered":"<p>El PS llen\u00f3 el sal\u00f3n del Mercado del Patio y llam\u00f3 a trabajar en unidad para ofrecer los mejores hombres y mujeres como candidatos en todas las categor\u00edas provinciales en el 2023 En un sal\u00f3n colmado de militantes de distintos rincones de la provincia, el Partido Socialista volvi\u00f3 a celebrar el tradicional locro de D\u00eda [&hellip;]<\/p>\n","protected":false},"author":3,"featured_media":36647,"comment_status":"closed","ping_status":"closed","sticky":false,"template":"","format":"standard","meta":{"_joinchat":[],"footnotes":""},"categories":[66],"tags":[],"class_list":{"0":"post-36646","1":"post","2":"type-post","3":"status-publish","4":"format-standard","5":"has-post-thumbnail","7":"category-politica"},"_links":{"self":[{"href":"https:\/\/infovera.com.ar\/web\/wp-json\/wp\/v2\/posts\/36646","targetHints":{"allow":["GET"]}}],"collection":[{"href":"https:\/\/infovera.com.ar\/web\/wp-json\/wp\/v2\/posts"}],"about":[{"href":"https:\/\/infovera.com.ar\/web\/wp-json\/wp\/v2\/types\/post"}],"author":[{"embeddable":true,"href":"https:\/\/infovera.com.ar\/web\/wp-json\/wp\/v2\/users\/3"}],"replies":[{"embeddable":true,"href":"https:\/\/infovera.com.ar\/web\/wp-json\/wp\/v2\/comments?post=36646"}],"version-history":[{"count":0,"href":"https:\/\/infovera.com.ar\/web\/wp-json\/wp\/v2\/posts\/36646\/revisions"}],"wp:featuredmedia":[{"embeddable":true,"href":"https:\/\/infovera.com.ar\/web\/wp-json\/wp\/v2\/media\/36647"}],"wp:attachment":[{"href":"https:\/\/infovera.com.ar\/web\/wp-json\/wp\/v2\/media?parent=36646"}],"wp:term":[{"taxonomy":"category","embeddable":true,"href":"https:\/\/infovera.com.ar\/web\/wp-json\/wp\/v2\/categories?post=36646"},{"taxonomy":"post_tag","embeddable":true,"href":"https:\/\/infovera.com.ar\/web\/wp-json\/wp\/v2\/tags?post=36646"}],"curies":[{"name":"wp","href":"https:\/\/api.w.org\/{rel}","templated":true}]}}