{"id":36622,"date":"2022-07-10T22:21:21","date_gmt":"2022-07-11T01:21:21","guid":{"rendered":"https:\/\/infovera.com.ar\/web\/?p=36622"},"modified":"2022-07-12T14:02:33","modified_gmt":"2022-07-12T17:02:33","slug":"corrientes-le-saco-una-foto-a-la-luna-y-aparecio-la-silueta-de-la-virgen-de-itati","status":"publish","type":"post","link":"https:\/\/infovera.com.ar\/web\/2022\/07\/10\/corrientes-le-saco-una-foto-a-la-luna-y-aparecio-la-silueta-de-la-virgen-de-itati\/","title":{"rendered":"Corrientes: le sac\u00f3 una foto a la luna y apareci\u00f3 la silueta de la Virgen de Itat\u00ed"},"content":{"rendered":"<p><strong>Una pareja correntina caminaba por el puerto de Bella Vista y los impresion\u00f3 la majestuosidad de la luna reflejada en el r\u00edo Paran\u00e1. Decidieron inmortalizar el momento y tomaron una foto.\u00a0<\/strong><\/p>\n<p>Los emocion\u00f3 la sorpresa que se llevaron al ver la foto: una silueta azul se desprend\u00eda de la im\u00e1gen. Ellos no dudaron. \u201cEs la silueta de la Virgen de Itat\u00ed. Es muy clara\u201d, dijo Guillermo Alcorta a El Litoral.<\/p>\n<p>Guillermo decidi\u00f3 compartir la im\u00e1gen de lo que considera un milagro y una demostraci\u00f3n de fe.<\/p>\n<p>\u201cLa foto la tom\u00f3 mi novia Magal\u00ed Ib\u00e1nez el d\u00eda jueves 7 a las 00.30. La intenci\u00f3n era sacar una foto a la luna, pero vimos una particular imagen que sali\u00f3 a lado, la mayor\u00eda vemos la silueta de la virgen de Itat\u00ed\u201d insisti\u00f3.<\/p>\n<p>El 9 de julio se celebr\u00f3 el d\u00eda lit\u00fargico de la Virgen de Itat\u00ed,\u00a0reina y patrona de los correntinos. La foto fue tomada en v\u00edspera a la celebraci\u00f3n. \u00bfSer\u00e1 un mensaje, un milagro?.<\/p>\n<p>Fuente: El Litoral Corrientes<\/p>\n","protected":false},"excerpt":{"rendered":"<p>Una pareja correntina caminaba por el puerto de Bella Vista y los impresion\u00f3 la majestuosidad de la luna reflejada en el r\u00edo Paran\u00e1. Decidieron inmortalizar el momento y tomaron una foto.\u00a0 Los emocion\u00f3 la sorpresa que se llevaron al ver la foto: una silueta azul se desprend\u00eda de la im\u00e1gen. Ellos no dudaron. \u201cEs la [&hellip;]<\/p>\n","protected":false},"author":3,"featured_media":36623,"comment_status":"closed","ping_status":"closed","sticky":false,"template":"","format":"standard","meta":{"_joinchat":[],"footnotes":""},"categories":[62,36],"tags":[],"class_list":{"0":"post-36622","1":"post","2":"type-post","3":"status-publish","4":"format-standard","5":"has-post-thumbnail","7":"category-nacionales","8":"category-sociedad"},"_links":{"self":[{"href":"https:\/\/infovera.com.ar\/web\/wp-json\/wp\/v2\/posts\/36622","targetHints":{"allow":["GET"]}}],"collection":[{"href":"https:\/\/infovera.com.ar\/web\/wp-json\/wp\/v2\/posts"}],"about":[{"href":"https:\/\/infovera.com.ar\/web\/wp-json\/wp\/v2\/types\/post"}],"author":[{"embeddable":true,"href":"https:\/\/infovera.com.ar\/web\/wp-json\/wp\/v2\/users\/3"}],"replies":[{"embeddable":true,"href":"https:\/\/infovera.com.ar\/web\/wp-json\/wp\/v2\/comments?post=36622"}],"version-history":[{"count":0,"href":"https:\/\/infovera.com.ar\/web\/wp-json\/wp\/v2\/posts\/36622\/revisions"}],"wp:featuredmedia":[{"embeddable":true,"href":"https:\/\/infovera.com.ar\/web\/wp-json\/wp\/v2\/media\/36623"}],"wp:attachment":[{"href":"https:\/\/infovera.com.ar\/web\/wp-json\/wp\/v2\/media?parent=36622"}],"wp:term":[{"taxonomy":"category","embeddable":true,"href":"https:\/\/infovera.com.ar\/web\/wp-json\/wp\/v2\/categories?post=36622"},{"taxonomy":"post_tag","embeddable":true,"href":"https:\/\/infovera.com.ar\/web\/wp-json\/wp\/v2\/tags?post=36622"}],"curies":[{"name":"wp","href":"https:\/\/api.w.org\/{rel}","templated":true}]}}