{"id":36495,"date":"2022-07-05T18:09:43","date_gmt":"2022-07-05T21:09:43","guid":{"rendered":"https:\/\/infovera.com.ar\/web\/?p=36495"},"modified":"2022-07-06T13:56:48","modified_gmt":"2022-07-06T16:56:48","slug":"se-pone-en-marcha-la-construccion-de-la-nueva-estacion-transformadora-para-vera","status":"publish","type":"post","link":"https:\/\/infovera.com.ar\/web\/2022\/07\/05\/se-pone-en-marcha-la-construccion-de-la-nueva-estacion-transformadora-para-vera\/","title":{"rendered":"Se pone en marcha la construcci\u00f3n de la nueva Estaci\u00f3n Transformadora para Vera"},"content":{"rendered":"<p><strong>Funcionarios, personal t\u00e9cnico de la EPE y representantes de las empresas adjudicadas, junto a la intendente Paula Mitre formalizaron en el mismo terreno el inicio de la obra.<\/strong><\/p>\n<p>La intendente Paula Mitre se mostr\u00f3 feliz por este comienzo \u201cque marca\u00a0 este momento como un hecho hist\u00f3rico, porque se pone en marcha uno de los proyectos m\u00e1s importantes que nos permite so\u00f1ar con un futuro promisorio\u201d.<\/p>\n<p>Dijo que \u201cesta ET es una herramienta fundamental que viene a dinamizar el desarrollo para Vera, potenciar el progreso tan importante para la generaci\u00f3n de empleo genuino y favorecer el arraigo de nuestros j\u00f3venes\u201d.<\/p>\n<p>Diego Colla, jefe de Obras de la EPE, adelant\u00f3 que la licitaci\u00f3n, adjudicada a la UTE \u201cElectroluz y Bauza Ingenier\u00eda\u201d, mejorar\u00e1 la calidad del servicio y tendr\u00e1 un gran impacto regional\u201d.<\/p>\n<p>El jefe del \u00e1rea de Proyectos de la EPE, Ariel Bonassi, destac\u00f3 el compromiso de las empresas que tendr\u00e1n a su cargo la ejecuci\u00f3n de la obra en un plazo estimado de 18 meses.<\/p>\n<p>El proyecto supera los $ 1200 millones de inversi\u00f3n y contempla la construcci\u00f3n de una estaci\u00f3n tipo convencional, en simple juego de barras, compuesta por 2 campos de l\u00edneas de 132 Kv, 2 campos de transformaci\u00f3n y 1 campo de acoplamiento, con capacidad para alojar dos transformadores 132\/33\/13,2 KV de 30 MVA cada uno.<\/p>\n<p>Ren\u00e9 Zanel, gerente de Electroluz, reconoci\u00f3 el desaf\u00edo que representa una obra de esta magnitud en estos tiempos, pero conf\u00eda en que \u201ctodos colaboraremos para que, a pesar de las dificultades, logremos el objetivo fiel a la cultura de una empresa que hace 60 a\u00f1os viene ejecutando obras para que la gente viva mejor\u201d.<\/p>\n<p>Por su parte, Juan Carlos Nazala, de Bauza Ingenier\u00eda, conf\u00eda en que, si bien hay dificultades con la importaci\u00f3n de algunos insumos, mucho material es de origen nacional, por lo que espera que el ritmo de obra no se vea afectado y se pueda cumplir el plazo estipulado.<\/p>\n<p>Letyana Press<\/p>\n","protected":false},"excerpt":{"rendered":"<p>Funcionarios, personal t\u00e9cnico de la EPE y representantes de las empresas adjudicadas, junto a la intendente Paula Mitre formalizaron en el mismo terreno el inicio de la obra. La intendente Paula Mitre se mostr\u00f3 feliz por este comienzo \u201cque marca\u00a0 este momento como un hecho hist\u00f3rico, porque se pone en marcha uno de los proyectos [&hellip;]<\/p>\n","protected":false},"author":3,"featured_media":36499,"comment_status":"closed","ping_status":"closed","sticky":false,"template":"","format":"standard","meta":{"_joinchat":[],"footnotes":""},"categories":[53],"tags":[],"class_list":{"0":"post-36495","1":"post","2":"type-post","3":"status-publish","4":"format-standard","5":"has-post-thumbnail","7":"category-vera"},"_links":{"self":[{"href":"https:\/\/infovera.com.ar\/web\/wp-json\/wp\/v2\/posts\/36495","targetHints":{"allow":["GET"]}}],"collection":[{"href":"https:\/\/infovera.com.ar\/web\/wp-json\/wp\/v2\/posts"}],"about":[{"href":"https:\/\/infovera.com.ar\/web\/wp-json\/wp\/v2\/types\/post"}],"author":[{"embeddable":true,"href":"https:\/\/infovera.com.ar\/web\/wp-json\/wp\/v2\/users\/3"}],"replies":[{"embeddable":true,"href":"https:\/\/infovera.com.ar\/web\/wp-json\/wp\/v2\/comments?post=36495"}],"version-history":[{"count":0,"href":"https:\/\/infovera.com.ar\/web\/wp-json\/wp\/v2\/posts\/36495\/revisions"}],"wp:featuredmedia":[{"embeddable":true,"href":"https:\/\/infovera.com.ar\/web\/wp-json\/wp\/v2\/media\/36499"}],"wp:attachment":[{"href":"https:\/\/infovera.com.ar\/web\/wp-json\/wp\/v2\/media?parent=36495"}],"wp:term":[{"taxonomy":"category","embeddable":true,"href":"https:\/\/infovera.com.ar\/web\/wp-json\/wp\/v2\/categories?post=36495"},{"taxonomy":"post_tag","embeddable":true,"href":"https:\/\/infovera.com.ar\/web\/wp-json\/wp\/v2\/tags?post=36495"}],"curies":[{"name":"wp","href":"https:\/\/api.w.org\/{rel}","templated":true}]}}