{"id":36484,"date":"2022-07-04T18:31:58","date_gmt":"2022-07-04T21:31:58","guid":{"rendered":"https:\/\/infovera.com.ar\/web\/?p=36484"},"modified":"2022-07-04T18:31:58","modified_gmt":"2022-07-04T21:31:58","slug":"perotti-logro-juntar-a-todo-el-arco-opositor","status":"publish","type":"post","link":"https:\/\/infovera.com.ar\/web\/2022\/07\/04\/perotti-logro-juntar-a-todo-el-arco-opositor\/","title":{"rendered":"Perotti logr\u00f3 juntar a todo el arco opositor"},"content":{"rendered":"<p><strong>Por Dar\u00edo H. Schueri.<\/strong><\/p>\n<p>La firma del convenio\u00a0por la deuda de coparticipaci\u00f3n (151.800 millones de pesos)\u00a0entre el gobernador Omar Perotti y el ministro de Econom\u00eda Mart\u00edn Guzm\u00e1n, que deber\u00e1 ser elevado a la Corte Suprema de Justicia de la Naci\u00f3n para que lo avale, pero por sobre todas las cosas la autorizaci\u00f3n para que el gobierno nacional detraiga \u201ca perpetuidad\u201d el 1.9% de la coparticipaci\u00f3n para el Fondo de Autarqu\u00eda de AFIP, desat\u00f3 una verdadera tormenta en el arco opositor, que llev\u00f3 a cabo este jueves un foro por el tema coparticipaci\u00f3n en la UNL, que hab\u00edan organizado hace una semana.<\/p>\n<p>De tal manera, todos \u2013 o casi todos \u2013 los partidos pol\u00edticos que componen Juntos por el Cambio y el Frente Progresista C\u00edvico y Social, posaron en el Aula Alberdi de la Facultad de Ciencias Jur\u00eddicas y Sociales de la UNL, al finalizar el foro de debate con panel de expertos para tratar el tema de la deuda, en una foto panor\u00e1mica que, con mucha suerte podr\u00eda haberse llegado a dar sobre fines de a\u00f1o: el deseable \u201cfrentes de frentes\u201d. Perotti los abroquel\u00f3, al menos para la foto, antes de tiempo.<\/p>\n<p>Estaban all\u00ed desde Antonio Bonfatti, Enrique Est\u00e9vez, Pablo Far\u00edas, Joaqu\u00edn Blanco y Clara Garc\u00eda (PS), pasando por Federico Angelini y Cristian Cunha (PRO), Gabriel Real (PDP), Pablo Javkin (CREO), Felipe Michlig, Maximiliano Pullaro, Jos\u00e9 Corral, Mario Barletta, Dionisio Scarp\u00edn y Juli\u00e1n Galdeano (UCR); Betina Florito (Encuentro Republicano Federal); Walter Ghione (U.N.O); representantes del Partido GEN (el intendente de Sunchales Gonzalo Toselli y la diputada M\u00f3nica Peralta), y la significativa ausencia de la Coalici\u00f3n C\u00edvica.<\/p>\n<p><strong>El 1,9% de la discordia<\/strong><\/p>\n<p>Si la oposici\u00f3n pol\u00edtica ya ven\u00eda preocupada porque finalmente la Provincia cobrar\u00eda la deuda de 151.800 millones de pesos en bonos actualizables por CER, cuando en la noche del mi\u00e9rcoles se anunci\u00f3 en la Casa Rosada, que adem\u00e1s el Gobernador Perotti hab\u00eda convalidado que la Naci\u00f3n le descuente eternamente el 1,9% de la coparticipaci\u00f3n a la Provincia para financiar la AFIP, lo que significar\u00eda unos 8 mil millones de pesos por a\u00f1o, el disgusto fue may\u00fasculo.<\/p>\n<p>Todos coincidieron en que dicha autorizaci\u00f3n es lisa y llanamente ilegal, toda vez que, aseguran, atenta contra las autonom\u00edas de municipios y comunas que tambi\u00e9n sufrir\u00edan dichas detracciones sin haberlo autorizado; adem\u00e1s le reprochan al Gobernador avalar \u201cque le empiecen a descontar a Santa Fe algo que no est\u00e1 obligado a hacerlo\u201d, repet\u00edan asombrados.<\/p>\n<p><strong>Cobro a plazo y pago \u201ccash\u201d<\/strong><\/p>\n<p>En cuanto a la deuda hist\u00f3rica, a la oposici\u00f3n le hace mucho ruido que se haya aceptado cobrar los 151.800 millones de pesos en bonos a 10 a\u00f1os, cuando hoy d\u00eda ese instrumento est\u00e1 muy debajo del valor nominal. Y adem\u00e1s debe ser coparticipado a municipios y comunas.<\/p>\n<p>Seg\u00fan el contador Pablo Olivares, ex secretario de finanzas de Miguel Lifschitz, \u201caceptar bonos es sustituir un cr\u00e9dito por otro\u201d, y como hoy estos bonos valen menos (por la situaci\u00f3n del pa\u00eds) \u201cla Provincia est\u00e1 aceptando una quita impl\u00edcita por parte de la Naci\u00f3n\u201d, advirti\u00f3.<\/p>\n<p>Olivares hizo notar tambi\u00e9n que los municipios y comunas son co-acreedores de esa deuda en el 13.74% que les corresponde por coparticipaci\u00f3n, y tampoco fueron consultados, am\u00e9n de que todos aseguran que ese acuerdo, por imperio del art\u00edculo 55 de la Constituci\u00f3n provincial, deber\u00eda haber sido remitido al parlamento antes de ser firmado.<\/p>\n<p>\u201cFuimos a cobrar una deuda y casi salimos endeudados\u201d, era la muletilla que repet\u00edan en los pasillos de la Facultad de Derecho de la UNL donde tuvo lugar el foro, toda vez que la Provincia cobrar\u00eda la deuda de 150 mil millones de pesos en bonos dentro de un plazo de diez a\u00f1os (unos15 mil millones de pesos por a\u00f1o, aproximadamente) mientras que \u201ccash\u201d se le descontar\u00edan de la coparticipaci\u00f3n 8 mil millones de pesos por a\u00f1o \u201cde por vida\u201d.<\/p>\n<p>El titular de la UCR Felipe Michlig agreg\u00f3 que \u201ca\u00fan no conocemos los t\u00e9rminos y condiciones del acuerdo firmado por el Gobernador; estamos discurriendo sobre declaraciones period\u00edsticas; no vaya a ser cosa que nos encontremos con alguna otra sorpresa\u201d.<\/p>\n","protected":false},"excerpt":{"rendered":"<p>Por Dar\u00edo H. Schueri. La firma del convenio\u00a0por la deuda de coparticipaci\u00f3n (151.800 millones de pesos)\u00a0entre el gobernador Omar Perotti y el ministro de Econom\u00eda Mart\u00edn Guzm\u00e1n, que deber\u00e1 ser elevado a la Corte Suprema de Justicia de la Naci\u00f3n para que lo avale, pero por sobre todas las cosas la autorizaci\u00f3n para que el [&hellip;]<\/p>\n","protected":false},"author":3,"featured_media":35846,"comment_status":"closed","ping_status":"closed","sticky":false,"template":"","format":"standard","meta":{"_joinchat":[],"footnotes":""},"categories":[58,66],"tags":[],"class_list":{"0":"post-36484","1":"post","2":"type-post","3":"status-publish","4":"format-standard","5":"has-post-thumbnail","7":"category-opinion","8":"category-politica"},"_links":{"self":[{"href":"https:\/\/infovera.com.ar\/web\/wp-json\/wp\/v2\/posts\/36484","targetHints":{"allow":["GET"]}}],"collection":[{"href":"https:\/\/infovera.com.ar\/web\/wp-json\/wp\/v2\/posts"}],"about":[{"href":"https:\/\/infovera.com.ar\/web\/wp-json\/wp\/v2\/types\/post"}],"author":[{"embeddable":true,"href":"https:\/\/infovera.com.ar\/web\/wp-json\/wp\/v2\/users\/3"}],"replies":[{"embeddable":true,"href":"https:\/\/infovera.com.ar\/web\/wp-json\/wp\/v2\/comments?post=36484"}],"version-history":[{"count":0,"href":"https:\/\/infovera.com.ar\/web\/wp-json\/wp\/v2\/posts\/36484\/revisions"}],"wp:featuredmedia":[{"embeddable":true,"href":"https:\/\/infovera.com.ar\/web\/wp-json\/wp\/v2\/media\/35846"}],"wp:attachment":[{"href":"https:\/\/infovera.com.ar\/web\/wp-json\/wp\/v2\/media?parent=36484"}],"wp:term":[{"taxonomy":"category","embeddable":true,"href":"https:\/\/infovera.com.ar\/web\/wp-json\/wp\/v2\/categories?post=36484"},{"taxonomy":"post_tag","embeddable":true,"href":"https:\/\/infovera.com.ar\/web\/wp-json\/wp\/v2\/tags?post=36484"}],"curies":[{"name":"wp","href":"https:\/\/api.w.org\/{rel}","templated":true}]}}